{"id":14013,"date":"2025-02-01T09:45:16","date_gmt":"2025-02-01T08:45:16","guid":{"rendered":"https:\/\/ewb.lu\/?p=14013"},"modified":"2025-02-24T09:46:57","modified_gmt":"2025-02-24T08:46:57","slug":"dgeschicht-vun-der-erwuessebildung-en-interview-mam-grenner-jean-leyder","status":"publish","type":"post","link":"https:\/\/ewb.lu\/en\/dgeschicht-vun-der-erwuessebildung-en-interview-mam-grenner-jean-leyder\/","title":{"rendered":"D&#8217;Geschicht vun der ErwuesseBildung &#8211; en Interview mam Gr\u00ebnner Jean Leyder"},"content":{"rendered":"<section class=\"wpb-content-wrapper\"><p>[vc_row][vc_column][vc_column_text]<\/p>\n<p style=\"font-weight: 400;\">Wien s\u00e4it 90 Joer op d\u00ebser Welt ass, a sech best\u00ebmmt m\u00e9i w\u00e9i 50 Joer ganz staark fir d\u2019Gesellschaft an d\u2019Gemeinschaft asetzt, deen huet vill ze zielen an ze soen. De Gr\u00ebnner vun der EwB, de Jean Leyder, huet Enn 2024 ee sch\u00e9ine ronne Gebuertsdag gefeiert. An deem Kader hu mir seng Andr\u00e9ck vun der Gr\u00ebnnung vun der EwB wollte bildlech festhalen.<\/p>\n<p style=\"font-weight: 400;\">Mat vill Courage, Witz an och Spitzfindegkeet, huet de Jean Leyder et gepackt, eng Nische nieft der verst\u00ebppster kathoulescher Kierch opzemaachen, wou Raum konnt entstoe fir m\u00e9i Dialog, m\u00e9i Reflexioun a virun allem: m\u00e9i Mateneen. Dovun erzielt de Jean Leyder an d\u00ebsem Interview.<\/p>\n<p style=\"font-weight: 400;\">Mir soen him dofir merci, a free\u00ebn eis, Iech d\u00ebse Video ze weisen.<\/p>\n<p>[\/vc_column_text][\/vc_column][\/vc_row][vc_row][vc_column][vc_video link=&#8221;https:\/\/youtu.be\/cq6dEGvZozQ?si=dbdUPZAq_F59irQW&#8221;][\/vc_column][\/vc_row]<\/p>\n<\/section>","protected":false},"excerpt":{"rendered":"<p>Firwat gouf d&#8217;ErwuesseBildung gegr\u00ebnnt a w\u00e9i genee huet alles ugefaang?<\/p>\n","protected":false},"author":4,"featured_media":14014,"comment_status":"closed","ping_status":"closed","sticky":false,"template":"","format":"standard","meta":{"_acf_changed":false,"inline_featured_image":false,"footnotes":""},"categories":[1],"tags":[],"program":[112,36,34,39],"class_list":["post-14013","post","type-post","status-publish","format-standard","has-post-thumbnail","hentry","category-unkategorisiert","program-gesellschaft-heute-2","program-growing-together","program-koerper-geist-seele","program-religioeses-erbe"],"acf":[],"yoast_head":"<!-- This site is optimized with the Yoast SEO plugin v27.1.1 - https:\/\/yoast.com\/product\/yoast-seo-wordpress\/ -->\n<title>D&#039;Geschicht vun der ErwuesseBildung - en Interview mam Gr\u00ebnner Jean Leyder - EWB<\/title>\n<meta name=\"robots\" content=\"index, follow, max-snippet:-1, max-image-preview:large, max-video-preview:-1\" \/>\n<link rel=\"canonical\" href=\"https:\/\/ewb.lu\/en\/dgeschicht-vun-der-erwuessebildung-en-interview-mam-grenner-jean-leyder\/\" \/>\n<meta property=\"og:locale\" content=\"en_US\" \/>\n<meta property=\"og:type\" content=\"article\" \/>\n<meta property=\"og:title\" content=\"D&#039;Geschicht vun der ErwuesseBildung - en Interview mam Gr\u00ebnner Jean Leyder - EWB\" \/>\n<meta property=\"og:description\" content=\"Firwat gouf d&#039;ErwuesseBildung gegr\u00ebnnt a w\u00e9i genee huet alles ugefaang?\" \/>\n<meta property=\"og:url\" content=\"https:\/\/ewb.lu\/en\/dgeschicht-vun-der-erwuessebildung-en-interview-mam-grenner-jean-leyder\/\" \/>\n<meta property=\"og:site_name\" content=\"EWB\" \/>\n<meta property=\"article:publisher\" content=\"https:\/\/www.facebook.com\/ErwuesseBild\/\" \/>\n<meta property=\"article:published_time\" content=\"2025-02-01T08:45:16+00:00\" \/>\n<meta property=\"article:modified_time\" content=\"2025-02-24T08:46:57+00:00\" \/>\n<meta property=\"og:image\" content=\"https:\/\/ewb.lu\/wp-content\/uploads\/2025\/02\/Bildschirmfoto-2025-02-01-um-09.48.45-scaled.jpg\" \/>\n\t<meta property=\"og:image:width\" content=\"2560\" \/>\n\t<meta property=\"og:image:height\" content=\"1381\" \/>\n\t<meta property=\"og:image:type\" content=\"image\/jpeg\" \/>\n<meta name=\"author\" content=\"Huelya\" \/>\n<meta name=\"twitter:card\" content=\"summary_large_image\" \/>\n<meta name=\"twitter:label1\" content=\"Written by\" \/>\n\t<meta name=\"twitter:data1\" content=\"Huelya\" \/>\n\t<meta name=\"twitter:label2\" content=\"Est. reading time\" \/>\n\t<meta name=\"twitter:data2\" content=\"1 minute\" \/>\n<script type=\"application\/ld+json\" class=\"yoast-schema-graph\">{\"@context\":\"https:\/\/schema.org\",\"@graph\":[{\"@type\":\"Article\",\"@id\":\"https:\/\/ewb.lu\/en\/dgeschicht-vun-der-erwuessebildung-en-interview-mam-grenner-jean-leyder\/#article\",\"isPartOf\":{\"@id\":\"https:\/\/ewb.lu\/en\/dgeschicht-vun-der-erwuessebildung-en-interview-mam-grenner-jean-leyder\/\"},\"author\":{\"name\":\"Huelya\",\"@id\":\"https:\/\/ewb.lu\/en\/#\/schema\/person\/d7ba7b8afdb00af276ed2d29c8e31588\"},\"headline\":\"D&#8217;Geschicht vun der ErwuesseBildung &#8211; en Interview mam Gr\u00ebnner Jean Leyder\",\"datePublished\":\"2025-02-01T08:45:16+00:00\",\"dateModified\":\"2025-02-24T08:46:57+00:00\",\"mainEntityOfPage\":{\"@id\":\"https:\/\/ewb.lu\/en\/dgeschicht-vun-der-erwuessebildung-en-interview-mam-grenner-jean-leyder\/\"},\"wordCount\":180,\"publisher\":{\"@id\":\"https:\/\/ewb.lu\/en\/#organization\"},\"image\":{\"@id\":\"https:\/\/ewb.lu\/en\/dgeschicht-vun-der-erwuessebildung-en-interview-mam-grenner-jean-leyder\/#primaryimage\"},\"thumbnailUrl\":\"https:\/\/ewb.lu\/wp-content\/uploads\/2025\/02\/Bildschirmfoto-2025-02-01-um-09.48.45-scaled.jpg\",\"articleSection\":[\"Unkategorisiert\"],\"inLanguage\":\"en-US\"},{\"@type\":\"WebPage\",\"@id\":\"https:\/\/ewb.lu\/en\/dgeschicht-vun-der-erwuessebildung-en-interview-mam-grenner-jean-leyder\/\",\"url\":\"https:\/\/ewb.lu\/en\/dgeschicht-vun-der-erwuessebildung-en-interview-mam-grenner-jean-leyder\/\",\"name\":\"D'Geschicht vun der ErwuesseBildung - en Interview mam Gr\u00ebnner Jean Leyder - EWB\",\"isPartOf\":{\"@id\":\"https:\/\/ewb.lu\/en\/#website\"},\"primaryImageOfPage\":{\"@id\":\"https:\/\/ewb.lu\/en\/dgeschicht-vun-der-erwuessebildung-en-interview-mam-grenner-jean-leyder\/#primaryimage\"},\"image\":{\"@id\":\"https:\/\/ewb.lu\/en\/dgeschicht-vun-der-erwuessebildung-en-interview-mam-grenner-jean-leyder\/#primaryimage\"},\"thumbnailUrl\":\"https:\/\/ewb.lu\/wp-content\/uploads\/2025\/02\/Bildschirmfoto-2025-02-01-um-09.48.45-scaled.jpg\",\"datePublished\":\"2025-02-01T08:45:16+00:00\",\"dateModified\":\"2025-02-24T08:46:57+00:00\",\"breadcrumb\":{\"@id\":\"https:\/\/ewb.lu\/en\/dgeschicht-vun-der-erwuessebildung-en-interview-mam-grenner-jean-leyder\/#breadcrumb\"},\"inLanguage\":\"en-US\",\"potentialAction\":[{\"@type\":\"ReadAction\",\"target\":[\"https:\/\/ewb.lu\/en\/dgeschicht-vun-der-erwuessebildung-en-interview-mam-grenner-jean-leyder\/\"]}]},{\"@type\":\"ImageObject\",\"inLanguage\":\"en-US\",\"@id\":\"https:\/\/ewb.lu\/en\/dgeschicht-vun-der-erwuessebildung-en-interview-mam-grenner-jean-leyder\/#primaryimage\",\"url\":\"https:\/\/ewb.lu\/wp-content\/uploads\/2025\/02\/Bildschirmfoto-2025-02-01-um-09.48.45-scaled.jpg\",\"contentUrl\":\"https:\/\/ewb.lu\/wp-content\/uploads\/2025\/02\/Bildschirmfoto-2025-02-01-um-09.48.45-scaled.jpg\",\"width\":2560,\"height\":1381},{\"@type\":\"BreadcrumbList\",\"@id\":\"https:\/\/ewb.lu\/en\/dgeschicht-vun-der-erwuessebildung-en-interview-mam-grenner-jean-leyder\/#breadcrumb\",\"itemListElement\":[{\"@type\":\"ListItem\",\"position\":1,\"name\":\"Startseite\",\"item\":\"https:\/\/ewb.lu\/en\/\"},{\"@type\":\"ListItem\",\"position\":2,\"name\":\"D&#8217;Geschicht vun der ErwuesseBildung &#8211; en Interview mam Gr\u00ebnner Jean Leyder\"}]},{\"@type\":\"WebSite\",\"@id\":\"https:\/\/ewb.lu\/en\/#website\",\"url\":\"https:\/\/ewb.lu\/en\/\",\"name\":\"EwB ErwuesseBildung\",\"description\":\"ErwuesseBildung\",\"publisher\":{\"@id\":\"https:\/\/ewb.lu\/en\/#organization\"},\"alternateName\":\"EWB\",\"potentialAction\":[{\"@type\":\"SearchAction\",\"target\":{\"@type\":\"EntryPoint\",\"urlTemplate\":\"https:\/\/ewb.lu\/en\/?s={search_term_string}\"},\"query-input\":{\"@type\":\"PropertyValueSpecification\",\"valueRequired\":true,\"valueName\":\"search_term_string\"}}],\"inLanguage\":\"en-US\"},{\"@type\":\"Organization\",\"@id\":\"https:\/\/ewb.lu\/en\/#organization\",\"name\":\"ErwuesseBildung Asbl\",\"alternateName\":\"EWB\",\"url\":\"https:\/\/ewb.lu\/en\/\",\"logo\":{\"@type\":\"ImageObject\",\"inLanguage\":\"en-US\",\"@id\":\"https:\/\/ewb.lu\/en\/#\/schema\/logo\/image\/\",\"url\":\"https:\/\/ewb.lu\/wp-content\/uploads\/2022\/11\/ewb-logo-header.svg\",\"contentUrl\":\"https:\/\/ewb.lu\/wp-content\/uploads\/2022\/11\/ewb-logo-header.svg\",\"width\":301,\"height\":38,\"caption\":\"ErwuesseBildung Asbl\"},\"image\":{\"@id\":\"https:\/\/ewb.lu\/en\/#\/schema\/logo\/image\/\"},\"sameAs\":[\"https:\/\/www.facebook.com\/ErwuesseBild\/\",\"https:\/\/lu.linkedin.com\/company\/erwuessebildung---formation-dadultes\",\"https:\/\/www.instagram.com\/erwuessebildung_asbl\/\"]},{\"@type\":\"Person\",\"@id\":\"https:\/\/ewb.lu\/en\/#\/schema\/person\/d7ba7b8afdb00af276ed2d29c8e31588\",\"name\":\"Huelya\",\"image\":{\"@type\":\"ImageObject\",\"inLanguage\":\"en-US\",\"@id\":\"https:\/\/ewb.lu\/en\/#\/schema\/person\/image\/\",\"url\":\"https:\/\/secure.gravatar.com\/avatar\/03eef602367f59891db06730daa1331614b9de7e749a659bb1262719afb37c04?s=96&d=mm&r=g\",\"contentUrl\":\"https:\/\/secure.gravatar.com\/avatar\/03eef602367f59891db06730daa1331614b9de7e749a659bb1262719afb37c04?s=96&d=mm&r=g\",\"caption\":\"Huelya\"},\"url\":\"https:\/\/ewb.lu\/en\/author\/huelya\/\"}]}<\/script>\n<!-- \/ Yoast SEO plugin. -->","yoast_head_json":{"title":"D'Geschicht vun der ErwuesseBildung - en Interview mam Gr\u00ebnner Jean Leyder - EWB","robots":{"index":"index","follow":"follow","max-snippet":"max-snippet:-1","max-image-preview":"max-image-preview:large","max-video-preview":"max-video-preview:-1"},"canonical":"https:\/\/ewb.lu\/en\/dgeschicht-vun-der-erwuessebildung-en-interview-mam-grenner-jean-leyder\/","og_locale":"en_US","og_type":"article","og_title":"D'Geschicht vun der ErwuesseBildung - en Interview mam Gr\u00ebnner Jean Leyder - EWB","og_description":"Firwat gouf d'ErwuesseBildung gegr\u00ebnnt a w\u00e9i genee huet alles ugefaang?","og_url":"https:\/\/ewb.lu\/en\/dgeschicht-vun-der-erwuessebildung-en-interview-mam-grenner-jean-leyder\/","og_site_name":"EWB","article_publisher":"https:\/\/www.facebook.com\/ErwuesseBild\/","article_published_time":"2025-02-01T08:45:16+00:00","article_modified_time":"2025-02-24T08:46:57+00:00","og_image":[{"width":2560,"height":1381,"url":"https:\/\/ewb.lu\/wp-content\/uploads\/2025\/02\/Bildschirmfoto-2025-02-01-um-09.48.45-scaled.jpg","type":"image\/jpeg"}],"author":"Huelya","twitter_card":"summary_large_image","twitter_misc":{"Written by":"Huelya","Est. reading time":"1 minute"},"schema":{"@context":"https:\/\/schema.org","@graph":[{"@type":"Article","@id":"https:\/\/ewb.lu\/en\/dgeschicht-vun-der-erwuessebildung-en-interview-mam-grenner-jean-leyder\/#article","isPartOf":{"@id":"https:\/\/ewb.lu\/en\/dgeschicht-vun-der-erwuessebildung-en-interview-mam-grenner-jean-leyder\/"},"author":{"name":"Huelya","@id":"https:\/\/ewb.lu\/en\/#\/schema\/person\/d7ba7b8afdb00af276ed2d29c8e31588"},"headline":"D&#8217;Geschicht vun der ErwuesseBildung &#8211; en Interview mam Gr\u00ebnner Jean Leyder","datePublished":"2025-02-01T08:45:16+00:00","dateModified":"2025-02-24T08:46:57+00:00","mainEntityOfPage":{"@id":"https:\/\/ewb.lu\/en\/dgeschicht-vun-der-erwuessebildung-en-interview-mam-grenner-jean-leyder\/"},"wordCount":180,"publisher":{"@id":"https:\/\/ewb.lu\/en\/#organization"},"image":{"@id":"https:\/\/ewb.lu\/en\/dgeschicht-vun-der-erwuessebildung-en-interview-mam-grenner-jean-leyder\/#primaryimage"},"thumbnailUrl":"https:\/\/ewb.lu\/wp-content\/uploads\/2025\/02\/Bildschirmfoto-2025-02-01-um-09.48.45-scaled.jpg","articleSection":["Unkategorisiert"],"inLanguage":"en-US"},{"@type":"WebPage","@id":"https:\/\/ewb.lu\/en\/dgeschicht-vun-der-erwuessebildung-en-interview-mam-grenner-jean-leyder\/","url":"https:\/\/ewb.lu\/en\/dgeschicht-vun-der-erwuessebildung-en-interview-mam-grenner-jean-leyder\/","name":"D'Geschicht vun der ErwuesseBildung - en Interview mam Gr\u00ebnner Jean Leyder - EWB","isPartOf":{"@id":"https:\/\/ewb.lu\/en\/#website"},"primaryImageOfPage":{"@id":"https:\/\/ewb.lu\/en\/dgeschicht-vun-der-erwuessebildung-en-interview-mam-grenner-jean-leyder\/#primaryimage"},"image":{"@id":"https:\/\/ewb.lu\/en\/dgeschicht-vun-der-erwuessebildung-en-interview-mam-grenner-jean-leyder\/#primaryimage"},"thumbnailUrl":"https:\/\/ewb.lu\/wp-content\/uploads\/2025\/02\/Bildschirmfoto-2025-02-01-um-09.48.45-scaled.jpg","datePublished":"2025-02-01T08:45:16+00:00","dateModified":"2025-02-24T08:46:57+00:00","breadcrumb":{"@id":"https:\/\/ewb.lu\/en\/dgeschicht-vun-der-erwuessebildung-en-interview-mam-grenner-jean-leyder\/#breadcrumb"},"inLanguage":"en-US","potentialAction":[{"@type":"ReadAction","target":["https:\/\/ewb.lu\/en\/dgeschicht-vun-der-erwuessebildung-en-interview-mam-grenner-jean-leyder\/"]}]},{"@type":"ImageObject","inLanguage":"en-US","@id":"https:\/\/ewb.lu\/en\/dgeschicht-vun-der-erwuessebildung-en-interview-mam-grenner-jean-leyder\/#primaryimage","url":"https:\/\/ewb.lu\/wp-content\/uploads\/2025\/02\/Bildschirmfoto-2025-02-01-um-09.48.45-scaled.jpg","contentUrl":"https:\/\/ewb.lu\/wp-content\/uploads\/2025\/02\/Bildschirmfoto-2025-02-01-um-09.48.45-scaled.jpg","width":2560,"height":1381},{"@type":"BreadcrumbList","@id":"https:\/\/ewb.lu\/en\/dgeschicht-vun-der-erwuessebildung-en-interview-mam-grenner-jean-leyder\/#breadcrumb","itemListElement":[{"@type":"ListItem","position":1,"name":"Startseite","item":"https:\/\/ewb.lu\/en\/"},{"@type":"ListItem","position":2,"name":"D&#8217;Geschicht vun der ErwuesseBildung &#8211; en Interview mam Gr\u00ebnner Jean Leyder"}]},{"@type":"WebSite","@id":"https:\/\/ewb.lu\/en\/#website","url":"https:\/\/ewb.lu\/en\/","name":"EwB ErwuesseBildung","description":"ErwuesseBildung","publisher":{"@id":"https:\/\/ewb.lu\/en\/#organization"},"alternateName":"EWB","potentialAction":[{"@type":"SearchAction","target":{"@type":"EntryPoint","urlTemplate":"https:\/\/ewb.lu\/en\/?s={search_term_string}"},"query-input":{"@type":"PropertyValueSpecification","valueRequired":true,"valueName":"search_term_string"}}],"inLanguage":"en-US"},{"@type":"Organization","@id":"https:\/\/ewb.lu\/en\/#organization","name":"ErwuesseBildung Asbl","alternateName":"EWB","url":"https:\/\/ewb.lu\/en\/","logo":{"@type":"ImageObject","inLanguage":"en-US","@id":"https:\/\/ewb.lu\/en\/#\/schema\/logo\/image\/","url":"https:\/\/ewb.lu\/wp-content\/uploads\/2022\/11\/ewb-logo-header.svg","contentUrl":"https:\/\/ewb.lu\/wp-content\/uploads\/2022\/11\/ewb-logo-header.svg","width":301,"height":38,"caption":"ErwuesseBildung Asbl"},"image":{"@id":"https:\/\/ewb.lu\/en\/#\/schema\/logo\/image\/"},"sameAs":["https:\/\/www.facebook.com\/ErwuesseBild\/","https:\/\/lu.linkedin.com\/company\/erwuessebildung---formation-dadultes","https:\/\/www.instagram.com\/erwuessebildung_asbl\/"]},{"@type":"Person","@id":"https:\/\/ewb.lu\/en\/#\/schema\/person\/d7ba7b8afdb00af276ed2d29c8e31588","name":"Huelya","image":{"@type":"ImageObject","inLanguage":"en-US","@id":"https:\/\/ewb.lu\/en\/#\/schema\/person\/image\/","url":"https:\/\/secure.gravatar.com\/avatar\/03eef602367f59891db06730daa1331614b9de7e749a659bb1262719afb37c04?s=96&d=mm&r=g","contentUrl":"https:\/\/secure.gravatar.com\/avatar\/03eef602367f59891db06730daa1331614b9de7e749a659bb1262719afb37c04?s=96&d=mm&r=g","caption":"Huelya"},"url":"https:\/\/ewb.lu\/en\/author\/huelya\/"}]}},"_links":{"self":[{"href":"https:\/\/ewb.lu\/en\/wp-json\/wp\/v2\/posts\/14013","targetHints":{"allow":["GET"]}}],"collection":[{"href":"https:\/\/ewb.lu\/en\/wp-json\/wp\/v2\/posts"}],"about":[{"href":"https:\/\/ewb.lu\/en\/wp-json\/wp\/v2\/types\/post"}],"author":[{"embeddable":true,"href":"https:\/\/ewb.lu\/en\/wp-json\/wp\/v2\/users\/4"}],"replies":[{"embeddable":true,"href":"https:\/\/ewb.lu\/en\/wp-json\/wp\/v2\/comments?post=14013"}],"version-history":[{"count":5,"href":"https:\/\/ewb.lu\/en\/wp-json\/wp\/v2\/posts\/14013\/revisions"}],"predecessor-version":[{"id":14541,"href":"https:\/\/ewb.lu\/en\/wp-json\/wp\/v2\/posts\/14013\/revisions\/14541"}],"wp:featuredmedia":[{"embeddable":true,"href":"https:\/\/ewb.lu\/en\/wp-json\/wp\/v2\/media\/14014"}],"wp:attachment":[{"href":"https:\/\/ewb.lu\/en\/wp-json\/wp\/v2\/media?parent=14013"}],"wp:term":[{"taxonomy":"category","embeddable":true,"href":"https:\/\/ewb.lu\/en\/wp-json\/wp\/v2\/categories?post=14013"},{"taxonomy":"post_tag","embeddable":true,"href":"https:\/\/ewb.lu\/en\/wp-json\/wp\/v2\/tags?post=14013"},{"taxonomy":"program","embeddable":true,"href":"https:\/\/ewb.lu\/en\/wp-json\/wp\/v2\/program?post=14013"}],"curies":[{"name":"wp","href":"https:\/\/api.w.org\/{rel}","templated":true}]}}