{"id":16586,"date":"2025-06-26T20:00:31","date_gmt":"2025-06-26T18:00:31","guid":{"rendered":"https:\/\/ewb.lu\/?p=16586"},"modified":"2025-07-08T12:56:32","modified_gmt":"2025-07-08T10:56:32","slug":"die-luga-mit-der-ewb-entdecken","status":"publish","type":"post","link":"https:\/\/ewb.lu\/en\/die-luga-mit-der-ewb-entdecken\/","title":{"rendered":"Die LUGA mit der EwB entdecken"},"content":{"rendered":"<section class=\"wpb-content-wrapper\"><p>[vc_row][vc_column][vc_empty_space][\/vc_column][\/vc_row][vc_row][vc_column][vc_column_text]<\/p>\n<h3><span style=\"color: #f47f57;\">Ein erster R\u00fcckblick und eine Vorschau auf das bevorstehende Programm<\/span><\/h3>\n<p>Informationen zur LUGA (Luxembourg Urban Garden) finden Sie <a href=\"https:\/\/luga.lu\/fr\/\">hier<\/a>.[\/vc_column_text][\/vc_column][\/vc_row][vc_row][vc_column][vc_empty_space][\/vc_column][\/vc_row][vc_row][vc_column][\/vc_column][\/vc_row][vc_row][vc_column][vc_empty_space][vc_text_separator title=&#8221;LUGA Coffee Talk&#8221; color=&#8221;purple&#8221;][\/vc_column][\/vc_row][vc_row][vc_column][vc_column_text]Nach einer Begr\u00fc\u00dfung durch den Touristenf\u00fchrer des <a href=\"https:\/\/www.luxembourg-city.com\/de\">LCTO<\/a> in der EwB ging es gleich in das Petruss-Tal.[\/vc_column_text][\/vc_column][\/vc_row][vc_row][vc_column width=&#8221;1\/3&#8243;][vc_column_text]Gleich zu Anfang konnte man die Installationen des Land-Art-K\u00fcnstlers <strong>Leon Kluge<\/strong> \u201eOn the verge\u201c bewundern.[\/vc_column_text][\/vc_column][vc_column width=&#8221;1\/3&#8243;][vc_single_image image=&#8221;16590&#8243; img_size=&#8221;full&#8221; onclick=&#8221;link_image&#8221;][\/vc_column][vc_column width=&#8221;1\/3&#8243;][vc_single_image image=&#8221;16587&#8243; img_size=&#8221;full&#8221; onclick=&#8221;link_image&#8221;][\/vc_column][\/vc_row][vc_row][vc_column width=&#8221;1\/3&#8243;][vc_single_image image=&#8221;16593&#8243; img_size=&#8221;full&#8221; onclick=&#8221;link_image&#8221;][\/vc_column][vc_column width=&#8221;2\/3&#8243;][vc_column_text]<\/p>\n<p style=\"font-weight: 400;\">Es gab einen wundervollen <strong>Kr\u00e4utergarten<\/strong> zu entdecken. Dieser Garten wurde nach dem Vorbild der auch als Apothekerg\u00e4rten bezeichneten Heilpflanzeng\u00e4rten auf die heutigen Verh\u00e4ltnisse abgestimmt. In diesen G\u00e4rten baute man fr\u00fcher die verschiedensten Heilkr\u00e4uter, Arznei- und Gew\u00fcrzpflanzen zu oftmals kombinierbaren Verwendungszwecken an.<\/p>\n<p>[\/vc_column_text][\/vc_column][\/vc_row][vc_row][vc_column width=&#8221;2\/3&#8243;][vc_column_text]Auf dem R\u00fcckweg konnte man noch \u201e<strong>Le chant de l\u2019Alzette<\/strong>\u201c bewundern. Auch hierbei handelte es sich um eine Installation aus Weiden.<\/p>\n<p>Dieser Garten mit dem Namen \u201eGesang der Alzette\u201c soll an die Pr\u00e4senz des Flusses Alzette erinnern, die den Standort umgibt, aber f\u00fcr den Besucher unsichtbar ist, da sie durch das Relief und die benachbarten hohen Infrastrukturen verdeckt wird.[\/vc_column_text][\/vc_column][vc_column width=&#8221;1\/3&#8243;][vc_single_image image=&#8221;16596&#8243; img_size=&#8221;full&#8221; onclick=&#8221;link_image&#8221;][\/vc_column][\/vc_row][vc_row][vc_column][vc_column_text]<\/p>\n<p style=\"font-weight: 400;\">Der Touristf\u00fchrer gab immer wieder Einblicke in die Geschichte des Tales, besonders die der Festungsanlage Vaubans und die Entstehung der Kasematten.<\/p>\n<p style=\"font-weight: 400;\">Die Veranstaltung endete mit einer gem\u00fctlichen Kaffeerunde in der EwB.<\/p>\n<p>[\/vc_column_text][\/vc_column][\/vc_row][vc_row][vc_column][vc_empty_space][\/vc_column][\/vc_row][vc_row][vc_column][vc_text_separator title=&#8221;Mit allen Sinnen zum Sinn&#8221; color=&#8221;purple&#8221;][\/vc_column][\/vc_row][vc_row][vc_column][vc_column_text]Christiane Kremer (Theologin und Ehrenamtliche der EwB) hat diesen Workshop gemeinsam mit Tessy Biver gleich zwei Mal angeboten. Beide Male zog er rund zehn Teilnehmende an.<\/p>\n<p>Voller Begeisterung und Motivation widmeten sich alle gemeinsam den interaktiven Momenten und entdeckten die LUGA im P\u00e9itruss-Tal mit allen Sinnen.<\/p>\n<p>[\/vc_column_text][\/vc_column][\/vc_row][vc_row][vc_column width=&#8221;1\/2&#8243;][vc_single_image image=&#8221;16606&#8243; img_size=&#8221;full&#8221; onclick=&#8221;link_image&#8221;][\/vc_column][vc_column width=&#8221;1\/2&#8243;][vc_single_image image=&#8221;16603&#8243; img_size=&#8221;full&#8221; onclick=&#8221;link_image&#8221;][\/vc_column][\/vc_row][vc_row][vc_column width=&#8221;1\/6&#8243;][\/vc_column][vc_column width=&#8221;2\/3&#8243;][vc_single_image image=&#8221;16631&#8243; img_size=&#8221;full&#8221; onclick=&#8221;link_image&#8221;][\/vc_column][vc_column width=&#8221;1\/6&#8243;][\/vc_column][\/vc_row][vc_row][vc_column][vc_empty_space][\/vc_column][\/vc_row][vc_row][vc_column][vc_separator color=&#8221;purple&#8221;][\/vc_column][\/vc_row][vc_row][vc_column width=&#8221;1\/6&#8243;][\/vc_column][vc_column width=&#8221;2\/3&#8243;][vc_column_text]<\/p>\n<p style=\"font-weight: 400;\"><span style=\"color: #f47f57;\"><strong>Weitere LUGA-Veranstaltungen in der n\u00e4chsten Zeit:<\/strong><\/span><\/p>\n<ul>\n<li style=\"font-weight: 400;\">27.09. <a href=\"https:\/\/ewb.lu\/event\/luga-2025-coffee-talk\/\">Coffee-Talk<\/a><\/li>\n<li>05.09. <a href=\"https:\/\/ewb.lu\/event\/kleine-kraeuterhelden-brennnessel-spielerisch-erleben\/\">Kleine Kr\u00e4uterhelden: Die Brennnessel<\/a> (f\u00fcr Familien)<\/li>\n<li>12.09. <a href=\"https:\/\/ewb.lu\/event\/kleine-kraeuterhelden\/\">Kleine Kr\u00e4uterhelden: Der Spitzwegerich<\/a> (f\u00fcr Familien)<\/li>\n<\/ul>\n<p>[\/vc_column_text][\/vc_column][vc_column width=&#8221;1\/6&#8243;][\/vc_column][\/vc_row][vc_row][vc_column][vc_empty_space][\/vc_column][\/vc_row]<\/p>\n<\/section>","protected":false},"excerpt":{"rendered":"<p>R\u00fcckblick und Vorschau<\/p>\n","protected":false},"author":11,"featured_media":16609,"comment_status":"closed","ping_status":"closed","sticky":false,"template":"","format":"standard","meta":{"_acf_changed":false,"inline_featured_image":false,"footnotes":""},"categories":[1],"tags":[],"program":[66,112,135],"class_list":["post-16586","post","type-post","status-publish","format-standard","has-post-thumbnail","hentry","category-unkategorisiert","program-achtsames-leben","program-gesellschaft-heute-2","program-kunst-und-leben"],"acf":[],"yoast_head":"<!-- This site is optimized with the Yoast SEO plugin v27.1.1 - https:\/\/yoast.com\/product\/yoast-seo-wordpress\/ -->\n<title>Die LUGA mit der EwB entdecken - EWB<\/title>\n<meta name=\"robots\" content=\"index, follow, max-snippet:-1, max-image-preview:large, max-video-preview:-1\" \/>\n<link rel=\"canonical\" href=\"https:\/\/ewb.lu\/en\/die-luga-mit-der-ewb-entdecken\/\" \/>\n<meta property=\"og:locale\" content=\"en_US\" \/>\n<meta property=\"og:type\" content=\"article\" \/>\n<meta property=\"og:title\" content=\"Die LUGA mit der EwB entdecken - EWB\" \/>\n<meta property=\"og:description\" content=\"R\u00fcckblick und Vorschau\" \/>\n<meta property=\"og:url\" content=\"https:\/\/ewb.lu\/en\/die-luga-mit-der-ewb-entdecken\/\" \/>\n<meta property=\"og:site_name\" content=\"EWB\" \/>\n<meta property=\"article:publisher\" content=\"https:\/\/www.facebook.com\/ErwuesseBild\/\" \/>\n<meta property=\"article:published_time\" content=\"2025-06-26T18:00:31+00:00\" \/>\n<meta property=\"article:modified_time\" content=\"2025-07-08T10:56:32+00:00\" \/>\n<meta property=\"og:image\" content=\"https:\/\/ewb.lu\/wp-content\/uploads\/2025\/06\/62cbd3a5-82cd-43f6-9b5d-57cc01645581.jpg\" \/>\n\t<meta property=\"og:image:width\" content=\"1200\" \/>\n\t<meta property=\"og:image:height\" content=\"1600\" \/>\n\t<meta property=\"og:image:type\" content=\"image\/jpeg\" \/>\n<meta name=\"author\" content=\"Liz\" \/>\n<meta name=\"twitter:card\" content=\"summary_large_image\" \/>\n<meta name=\"twitter:label1\" content=\"Written by\" \/>\n\t<meta name=\"twitter:data1\" content=\"Liz\" \/>\n\t<meta name=\"twitter:label2\" content=\"Est. reading time\" \/>\n\t<meta name=\"twitter:data2\" content=\"2 minutes\" \/>\n<script type=\"application\/ld+json\" class=\"yoast-schema-graph\">{\"@context\":\"https:\/\/schema.org\",\"@graph\":[{\"@type\":\"Article\",\"@id\":\"https:\/\/ewb.lu\/en\/die-luga-mit-der-ewb-entdecken\/#article\",\"isPartOf\":{\"@id\":\"https:\/\/ewb.lu\/en\/die-luga-mit-der-ewb-entdecken\/\"},\"author\":{\"name\":\"Liz\",\"@id\":\"https:\/\/ewb.lu\/en\/#\/schema\/person\/864ab24526964163d0759e2cd4dd0cc7\"},\"headline\":\"Die LUGA mit der EwB entdecken\",\"datePublished\":\"2025-06-26T18:00:31+00:00\",\"dateModified\":\"2025-07-08T10:56:32+00:00\",\"mainEntityOfPage\":{\"@id\":\"https:\/\/ewb.lu\/en\/die-luga-mit-der-ewb-entdecken\/\"},\"wordCount\":640,\"publisher\":{\"@id\":\"https:\/\/ewb.lu\/en\/#organization\"},\"image\":{\"@id\":\"https:\/\/ewb.lu\/en\/die-luga-mit-der-ewb-entdecken\/#primaryimage\"},\"thumbnailUrl\":\"https:\/\/ewb.lu\/wp-content\/uploads\/2025\/06\/62cbd3a5-82cd-43f6-9b5d-57cc01645581.jpg\",\"articleSection\":[\"Unkategorisiert\"],\"inLanguage\":\"en-US\"},{\"@type\":\"WebPage\",\"@id\":\"https:\/\/ewb.lu\/en\/die-luga-mit-der-ewb-entdecken\/\",\"url\":\"https:\/\/ewb.lu\/en\/die-luga-mit-der-ewb-entdecken\/\",\"name\":\"Die LUGA mit der EwB entdecken - EWB\",\"isPartOf\":{\"@id\":\"https:\/\/ewb.lu\/en\/#website\"},\"primaryImageOfPage\":{\"@id\":\"https:\/\/ewb.lu\/en\/die-luga-mit-der-ewb-entdecken\/#primaryimage\"},\"image\":{\"@id\":\"https:\/\/ewb.lu\/en\/die-luga-mit-der-ewb-entdecken\/#primaryimage\"},\"thumbnailUrl\":\"https:\/\/ewb.lu\/wp-content\/uploads\/2025\/06\/62cbd3a5-82cd-43f6-9b5d-57cc01645581.jpg\",\"datePublished\":\"2025-06-26T18:00:31+00:00\",\"dateModified\":\"2025-07-08T10:56:32+00:00\",\"breadcrumb\":{\"@id\":\"https:\/\/ewb.lu\/en\/die-luga-mit-der-ewb-entdecken\/#breadcrumb\"},\"inLanguage\":\"en-US\",\"potentialAction\":[{\"@type\":\"ReadAction\",\"target\":[\"https:\/\/ewb.lu\/en\/die-luga-mit-der-ewb-entdecken\/\"]}]},{\"@type\":\"ImageObject\",\"inLanguage\":\"en-US\",\"@id\":\"https:\/\/ewb.lu\/en\/die-luga-mit-der-ewb-entdecken\/#primaryimage\",\"url\":\"https:\/\/ewb.lu\/wp-content\/uploads\/2025\/06\/62cbd3a5-82cd-43f6-9b5d-57cc01645581.jpg\",\"contentUrl\":\"https:\/\/ewb.lu\/wp-content\/uploads\/2025\/06\/62cbd3a5-82cd-43f6-9b5d-57cc01645581.jpg\",\"width\":1200,\"height\":1600},{\"@type\":\"BreadcrumbList\",\"@id\":\"https:\/\/ewb.lu\/en\/die-luga-mit-der-ewb-entdecken\/#breadcrumb\",\"itemListElement\":[{\"@type\":\"ListItem\",\"position\":1,\"name\":\"Startseite\",\"item\":\"https:\/\/ewb.lu\/en\/\"},{\"@type\":\"ListItem\",\"position\":2,\"name\":\"Die LUGA mit der EwB entdecken\"}]},{\"@type\":\"WebSite\",\"@id\":\"https:\/\/ewb.lu\/en\/#website\",\"url\":\"https:\/\/ewb.lu\/en\/\",\"name\":\"EwB ErwuesseBildung\",\"description\":\"ErwuesseBildung\",\"publisher\":{\"@id\":\"https:\/\/ewb.lu\/en\/#organization\"},\"alternateName\":\"EWB\",\"potentialAction\":[{\"@type\":\"SearchAction\",\"target\":{\"@type\":\"EntryPoint\",\"urlTemplate\":\"https:\/\/ewb.lu\/en\/?s={search_term_string}\"},\"query-input\":{\"@type\":\"PropertyValueSpecification\",\"valueRequired\":true,\"valueName\":\"search_term_string\"}}],\"inLanguage\":\"en-US\"},{\"@type\":\"Organization\",\"@id\":\"https:\/\/ewb.lu\/en\/#organization\",\"name\":\"ErwuesseBildung Asbl\",\"alternateName\":\"EWB\",\"url\":\"https:\/\/ewb.lu\/en\/\",\"logo\":{\"@type\":\"ImageObject\",\"inLanguage\":\"en-US\",\"@id\":\"https:\/\/ewb.lu\/en\/#\/schema\/logo\/image\/\",\"url\":\"https:\/\/ewb.lu\/wp-content\/uploads\/2022\/11\/ewb-logo-header.svg\",\"contentUrl\":\"https:\/\/ewb.lu\/wp-content\/uploads\/2022\/11\/ewb-logo-header.svg\",\"width\":301,\"height\":38,\"caption\":\"ErwuesseBildung Asbl\"},\"image\":{\"@id\":\"https:\/\/ewb.lu\/en\/#\/schema\/logo\/image\/\"},\"sameAs\":[\"https:\/\/www.facebook.com\/ErwuesseBild\/\",\"https:\/\/lu.linkedin.com\/company\/erwuessebildung---formation-dadultes\",\"https:\/\/www.instagram.com\/erwuessebildung_asbl\/\"]},{\"@type\":\"Person\",\"@id\":\"https:\/\/ewb.lu\/en\/#\/schema\/person\/864ab24526964163d0759e2cd4dd0cc7\",\"name\":\"Liz\",\"image\":{\"@type\":\"ImageObject\",\"inLanguage\":\"en-US\",\"@id\":\"https:\/\/ewb.lu\/en\/#\/schema\/person\/image\/\",\"url\":\"https:\/\/secure.gravatar.com\/avatar\/f22f977b836e02be8b80eb1c04ec22af7ea5b62d636682bc4c3197a817b4c066?s=96&d=mm&r=g\",\"contentUrl\":\"https:\/\/secure.gravatar.com\/avatar\/f22f977b836e02be8b80eb1c04ec22af7ea5b62d636682bc4c3197a817b4c066?s=96&d=mm&r=g\",\"caption\":\"Liz\"},\"url\":\"https:\/\/ewb.lu\/en\/author\/liz\/\"}]}<\/script>\n<!-- \/ Yoast SEO plugin. -->","yoast_head_json":{"title":"Die LUGA mit der EwB entdecken - EWB","robots":{"index":"index","follow":"follow","max-snippet":"max-snippet:-1","max-image-preview":"max-image-preview:large","max-video-preview":"max-video-preview:-1"},"canonical":"https:\/\/ewb.lu\/en\/die-luga-mit-der-ewb-entdecken\/","og_locale":"en_US","og_type":"article","og_title":"Die LUGA mit der EwB entdecken - EWB","og_description":"R\u00fcckblick und Vorschau","og_url":"https:\/\/ewb.lu\/en\/die-luga-mit-der-ewb-entdecken\/","og_site_name":"EWB","article_publisher":"https:\/\/www.facebook.com\/ErwuesseBild\/","article_published_time":"2025-06-26T18:00:31+00:00","article_modified_time":"2025-07-08T10:56:32+00:00","og_image":[{"width":1200,"height":1600,"url":"https:\/\/ewb.lu\/wp-content\/uploads\/2025\/06\/62cbd3a5-82cd-43f6-9b5d-57cc01645581.jpg","type":"image\/jpeg"}],"author":"Liz","twitter_card":"summary_large_image","twitter_misc":{"Written by":"Liz","Est. reading time":"2 minutes"},"schema":{"@context":"https:\/\/schema.org","@graph":[{"@type":"Article","@id":"https:\/\/ewb.lu\/en\/die-luga-mit-der-ewb-entdecken\/#article","isPartOf":{"@id":"https:\/\/ewb.lu\/en\/die-luga-mit-der-ewb-entdecken\/"},"author":{"name":"Liz","@id":"https:\/\/ewb.lu\/en\/#\/schema\/person\/864ab24526964163d0759e2cd4dd0cc7"},"headline":"Die LUGA mit der EwB entdecken","datePublished":"2025-06-26T18:00:31+00:00","dateModified":"2025-07-08T10:56:32+00:00","mainEntityOfPage":{"@id":"https:\/\/ewb.lu\/en\/die-luga-mit-der-ewb-entdecken\/"},"wordCount":640,"publisher":{"@id":"https:\/\/ewb.lu\/en\/#organization"},"image":{"@id":"https:\/\/ewb.lu\/en\/die-luga-mit-der-ewb-entdecken\/#primaryimage"},"thumbnailUrl":"https:\/\/ewb.lu\/wp-content\/uploads\/2025\/06\/62cbd3a5-82cd-43f6-9b5d-57cc01645581.jpg","articleSection":["Unkategorisiert"],"inLanguage":"en-US"},{"@type":"WebPage","@id":"https:\/\/ewb.lu\/en\/die-luga-mit-der-ewb-entdecken\/","url":"https:\/\/ewb.lu\/en\/die-luga-mit-der-ewb-entdecken\/","name":"Die LUGA mit der EwB entdecken - EWB","isPartOf":{"@id":"https:\/\/ewb.lu\/en\/#website"},"primaryImageOfPage":{"@id":"https:\/\/ewb.lu\/en\/die-luga-mit-der-ewb-entdecken\/#primaryimage"},"image":{"@id":"https:\/\/ewb.lu\/en\/die-luga-mit-der-ewb-entdecken\/#primaryimage"},"thumbnailUrl":"https:\/\/ewb.lu\/wp-content\/uploads\/2025\/06\/62cbd3a5-82cd-43f6-9b5d-57cc01645581.jpg","datePublished":"2025-06-26T18:00:31+00:00","dateModified":"2025-07-08T10:56:32+00:00","breadcrumb":{"@id":"https:\/\/ewb.lu\/en\/die-luga-mit-der-ewb-entdecken\/#breadcrumb"},"inLanguage":"en-US","potentialAction":[{"@type":"ReadAction","target":["https:\/\/ewb.lu\/en\/die-luga-mit-der-ewb-entdecken\/"]}]},{"@type":"ImageObject","inLanguage":"en-US","@id":"https:\/\/ewb.lu\/en\/die-luga-mit-der-ewb-entdecken\/#primaryimage","url":"https:\/\/ewb.lu\/wp-content\/uploads\/2025\/06\/62cbd3a5-82cd-43f6-9b5d-57cc01645581.jpg","contentUrl":"https:\/\/ewb.lu\/wp-content\/uploads\/2025\/06\/62cbd3a5-82cd-43f6-9b5d-57cc01645581.jpg","width":1200,"height":1600},{"@type":"BreadcrumbList","@id":"https:\/\/ewb.lu\/en\/die-luga-mit-der-ewb-entdecken\/#breadcrumb","itemListElement":[{"@type":"ListItem","position":1,"name":"Startseite","item":"https:\/\/ewb.lu\/en\/"},{"@type":"ListItem","position":2,"name":"Die LUGA mit der EwB entdecken"}]},{"@type":"WebSite","@id":"https:\/\/ewb.lu\/en\/#website","url":"https:\/\/ewb.lu\/en\/","name":"EwB ErwuesseBildung","description":"ErwuesseBildung","publisher":{"@id":"https:\/\/ewb.lu\/en\/#organization"},"alternateName":"EWB","potentialAction":[{"@type":"SearchAction","target":{"@type":"EntryPoint","urlTemplate":"https:\/\/ewb.lu\/en\/?s={search_term_string}"},"query-input":{"@type":"PropertyValueSpecification","valueRequired":true,"valueName":"search_term_string"}}],"inLanguage":"en-US"},{"@type":"Organization","@id":"https:\/\/ewb.lu\/en\/#organization","name":"ErwuesseBildung Asbl","alternateName":"EWB","url":"https:\/\/ewb.lu\/en\/","logo":{"@type":"ImageObject","inLanguage":"en-US","@id":"https:\/\/ewb.lu\/en\/#\/schema\/logo\/image\/","url":"https:\/\/ewb.lu\/wp-content\/uploads\/2022\/11\/ewb-logo-header.svg","contentUrl":"https:\/\/ewb.lu\/wp-content\/uploads\/2022\/11\/ewb-logo-header.svg","width":301,"height":38,"caption":"ErwuesseBildung Asbl"},"image":{"@id":"https:\/\/ewb.lu\/en\/#\/schema\/logo\/image\/"},"sameAs":["https:\/\/www.facebook.com\/ErwuesseBild\/","https:\/\/lu.linkedin.com\/company\/erwuessebildung---formation-dadultes","https:\/\/www.instagram.com\/erwuessebildung_asbl\/"]},{"@type":"Person","@id":"https:\/\/ewb.lu\/en\/#\/schema\/person\/864ab24526964163d0759e2cd4dd0cc7","name":"Liz","image":{"@type":"ImageObject","inLanguage":"en-US","@id":"https:\/\/ewb.lu\/en\/#\/schema\/person\/image\/","url":"https:\/\/secure.gravatar.com\/avatar\/f22f977b836e02be8b80eb1c04ec22af7ea5b62d636682bc4c3197a817b4c066?s=96&d=mm&r=g","contentUrl":"https:\/\/secure.gravatar.com\/avatar\/f22f977b836e02be8b80eb1c04ec22af7ea5b62d636682bc4c3197a817b4c066?s=96&d=mm&r=g","caption":"Liz"},"url":"https:\/\/ewb.lu\/en\/author\/liz\/"}]}},"_links":{"self":[{"href":"https:\/\/ewb.lu\/en\/wp-json\/wp\/v2\/posts\/16586","targetHints":{"allow":["GET"]}}],"collection":[{"href":"https:\/\/ewb.lu\/en\/wp-json\/wp\/v2\/posts"}],"about":[{"href":"https:\/\/ewb.lu\/en\/wp-json\/wp\/v2\/types\/post"}],"author":[{"embeddable":true,"href":"https:\/\/ewb.lu\/en\/wp-json\/wp\/v2\/users\/11"}],"replies":[{"embeddable":true,"href":"https:\/\/ewb.lu\/en\/wp-json\/wp\/v2\/comments?post=16586"}],"version-history":[{"count":11,"href":"https:\/\/ewb.lu\/en\/wp-json\/wp\/v2\/posts\/16586\/revisions"}],"predecessor-version":[{"id":16775,"href":"https:\/\/ewb.lu\/en\/wp-json\/wp\/v2\/posts\/16586\/revisions\/16775"}],"wp:featuredmedia":[{"embeddable":true,"href":"https:\/\/ewb.lu\/en\/wp-json\/wp\/v2\/media\/16609"}],"wp:attachment":[{"href":"https:\/\/ewb.lu\/en\/wp-json\/wp\/v2\/media?parent=16586"}],"wp:term":[{"taxonomy":"category","embeddable":true,"href":"https:\/\/ewb.lu\/en\/wp-json\/wp\/v2\/categories?post=16586"},{"taxonomy":"post_tag","embeddable":true,"href":"https:\/\/ewb.lu\/en\/wp-json\/wp\/v2\/tags?post=16586"},{"taxonomy":"program","embeddable":true,"href":"https:\/\/ewb.lu\/en\/wp-json\/wp\/v2\/program?post=16586"}],"curies":[{"name":"wp","href":"https:\/\/api.w.org\/{rel}","templated":true}]}}