{"id":3336,"date":"2022-10-01T15:38:17","date_gmt":"2022-10-01T14:38:17","guid":{"rendered":"https:\/\/ewb.cuco.dev\/allerheiligenferien-unser-buero-bleibt-geschlossen\/"},"modified":"2023-04-18T10:56:27","modified_gmt":"2023-04-18T09:56:27","slug":"allerheiligenferien-unser-buero-bleibt-geschlossen","status":"publish","type":"post","link":"https:\/\/ewb.lu\/en\/allerheiligenferien-unser-buero-bleibt-geschlossen\/","title":{"rendered":"Allerheiligenferien: Unser B\u00fcro bleibt geschlossen"},"content":{"rendered":"<section class=\"wpb-content-wrapper\"><p>[vc_row][vc_column][vc_column_text]<strong>Achtung: <\/strong>Unser B\u00fcro bleibt w\u00e4hrend der Allerheiligenferien (31.10. &#8211; 4.11.2022) geschlossen. M\u00f6chten Sie uns w\u00e4hrend dieser Zeit eine Nachricht hinterlassen, dann schreiben Sie uns (&#105;&#x6e;&#102;&#x6f;&#64;&#x65;w&#98;&#x2e;&#108;&#x75;). Ab dem 7. November sind wir wieder wie gewohnt f\u00fcr Sie da (Mo-Fr 13-17 Uhr).[\/vc_column_text][\/vc_column][\/vc_row]<\/p>\n<\/section>","protected":false},"excerpt":{"rendered":"<p>Unser B\u00fcro bleibt w\u00e4hrend der Allerheiligenferien (31.10. &#8211; 4.11.2022) geschlossen.<\/p>\n","protected":false},"author":1,"featured_media":381,"comment_status":"open","ping_status":"closed","sticky":false,"template":"","format":"standard","meta":{"_acf_changed":false,"inline_featured_image":false,"footnotes":""},"categories":[20],"tags":[],"program":[],"class_list":["post-3336","post","type-post","status-publish","format-standard","has-post-thumbnail","hentry","category-uncategorized"],"acf":[],"yoast_head":"<!-- This site is optimized with the Yoast SEO plugin v27.1.1 - https:\/\/yoast.com\/product\/yoast-seo-wordpress\/ -->\n<title>Allerheiligenferien: Unser B\u00fcro bleibt geschlossen - EWB<\/title>\n<meta name=\"robots\" content=\"index, follow, max-snippet:-1, max-image-preview:large, max-video-preview:-1\" \/>\n<link rel=\"canonical\" href=\"https:\/\/ewb.lu\/en\/allerheiligenferien-unser-buero-bleibt-geschlossen\/\" \/>\n<meta property=\"og:locale\" content=\"en_US\" \/>\n<meta property=\"og:type\" content=\"article\" \/>\n<meta property=\"og:title\" content=\"Allerheiligenferien: Unser B\u00fcro bleibt geschlossen - EWB\" \/>\n<meta property=\"og:description\" content=\"Unser B\u00fcro bleibt w\u00e4hrend der Allerheiligenferien (31.10. - 4.11.2022) geschlossen.\" \/>\n<meta property=\"og:url\" content=\"https:\/\/ewb.lu\/en\/allerheiligenferien-unser-buero-bleibt-geschlossen\/\" \/>\n<meta property=\"og:site_name\" content=\"EWB\" \/>\n<meta property=\"article:publisher\" content=\"https:\/\/www.facebook.com\/ErwuesseBild\/\" \/>\n<meta property=\"article:published_time\" content=\"2022-10-01T14:38:17+00:00\" \/>\n<meta property=\"article:modified_time\" content=\"2023-04-18T09:56:27+00:00\" \/>\n<meta property=\"og:image\" content=\"https:\/\/ewb.lu\/wp-content\/uploads\/2022\/11\/sorry-weareclosed.jpeg\" \/>\n\t<meta property=\"og:image:width\" content=\"940\" \/>\n\t<meta property=\"og:image:height\" content=\"788\" \/>\n\t<meta property=\"og:image:type\" content=\"image\/jpeg\" \/>\n<meta name=\"author\" content=\"admin\" \/>\n<meta name=\"twitter:card\" content=\"summary_large_image\" \/>\n<meta name=\"twitter:label1\" content=\"Written by\" \/>\n\t<meta name=\"twitter:data1\" content=\"admin\" \/>\n<script type=\"application\/ld+json\" class=\"yoast-schema-graph\">{\"@context\":\"https:\/\/schema.org\",\"@graph\":[{\"@type\":\"Article\",\"@id\":\"https:\/\/ewb.lu\/en\/allerheiligenferien-unser-buero-bleibt-geschlossen\/#article\",\"isPartOf\":{\"@id\":\"https:\/\/ewb.lu\/en\/allerheiligenferien-unser-buero-bleibt-geschlossen\/\"},\"author\":{\"name\":\"admin\",\"@id\":\"https:\/\/ewb.lu\/en\/#\/schema\/person\/b47c2dac1c3de41b49729de48c17d858\"},\"headline\":\"Allerheiligenferien: Unser B\u00fcro bleibt geschlossen\",\"datePublished\":\"2022-10-01T14:38:17+00:00\",\"dateModified\":\"2023-04-18T09:56:27+00:00\",\"mainEntityOfPage\":{\"@id\":\"https:\/\/ewb.lu\/en\/allerheiligenferien-unser-buero-bleibt-geschlossen\/\"},\"wordCount\":64,\"commentCount\":0,\"publisher\":{\"@id\":\"https:\/\/ewb.lu\/en\/#organization\"},\"image\":{\"@id\":\"https:\/\/ewb.lu\/en\/allerheiligenferien-unser-buero-bleibt-geschlossen\/#primaryimage\"},\"thumbnailUrl\":\"https:\/\/ewb.lu\/wp-content\/uploads\/2022\/11\/sorry-weareclosed.jpeg\",\"inLanguage\":\"en-US\",\"potentialAction\":[{\"@type\":\"CommentAction\",\"name\":\"Comment\",\"target\":[\"https:\/\/ewb.lu\/en\/allerheiligenferien-unser-buero-bleibt-geschlossen\/#respond\"]}]},{\"@type\":\"WebPage\",\"@id\":\"https:\/\/ewb.lu\/en\/allerheiligenferien-unser-buero-bleibt-geschlossen\/\",\"url\":\"https:\/\/ewb.lu\/en\/allerheiligenferien-unser-buero-bleibt-geschlossen\/\",\"name\":\"Allerheiligenferien: Unser B\u00fcro bleibt geschlossen - EWB\",\"isPartOf\":{\"@id\":\"https:\/\/ewb.lu\/en\/#website\"},\"primaryImageOfPage\":{\"@id\":\"https:\/\/ewb.lu\/en\/allerheiligenferien-unser-buero-bleibt-geschlossen\/#primaryimage\"},\"image\":{\"@id\":\"https:\/\/ewb.lu\/en\/allerheiligenferien-unser-buero-bleibt-geschlossen\/#primaryimage\"},\"thumbnailUrl\":\"https:\/\/ewb.lu\/wp-content\/uploads\/2022\/11\/sorry-weareclosed.jpeg\",\"datePublished\":\"2022-10-01T14:38:17+00:00\",\"dateModified\":\"2023-04-18T09:56:27+00:00\",\"breadcrumb\":{\"@id\":\"https:\/\/ewb.lu\/en\/allerheiligenferien-unser-buero-bleibt-geschlossen\/#breadcrumb\"},\"inLanguage\":\"en-US\",\"potentialAction\":[{\"@type\":\"ReadAction\",\"target\":[\"https:\/\/ewb.lu\/en\/allerheiligenferien-unser-buero-bleibt-geschlossen\/\"]}]},{\"@type\":\"ImageObject\",\"inLanguage\":\"en-US\",\"@id\":\"https:\/\/ewb.lu\/en\/allerheiligenferien-unser-buero-bleibt-geschlossen\/#primaryimage\",\"url\":\"https:\/\/ewb.lu\/wp-content\/uploads\/2022\/11\/sorry-weareclosed.jpeg\",\"contentUrl\":\"https:\/\/ewb.lu\/wp-content\/uploads\/2022\/11\/sorry-weareclosed.jpeg\",\"width\":940,\"height\":788},{\"@type\":\"BreadcrumbList\",\"@id\":\"https:\/\/ewb.lu\/en\/allerheiligenferien-unser-buero-bleibt-geschlossen\/#breadcrumb\",\"itemListElement\":[{\"@type\":\"ListItem\",\"position\":1,\"name\":\"Startseite\",\"item\":\"https:\/\/ewb.lu\/en\/\"},{\"@type\":\"ListItem\",\"position\":2,\"name\":\"Allerheiligenferien: Unser B\u00fcro bleibt geschlossen\"}]},{\"@type\":\"WebSite\",\"@id\":\"https:\/\/ewb.lu\/en\/#website\",\"url\":\"https:\/\/ewb.lu\/en\/\",\"name\":\"EwB ErwuesseBildung\",\"description\":\"ErwuesseBildung\",\"publisher\":{\"@id\":\"https:\/\/ewb.lu\/en\/#organization\"},\"alternateName\":\"EWB\",\"potentialAction\":[{\"@type\":\"SearchAction\",\"target\":{\"@type\":\"EntryPoint\",\"urlTemplate\":\"https:\/\/ewb.lu\/en\/?s={search_term_string}\"},\"query-input\":{\"@type\":\"PropertyValueSpecification\",\"valueRequired\":true,\"valueName\":\"search_term_string\"}}],\"inLanguage\":\"en-US\"},{\"@type\":\"Organization\",\"@id\":\"https:\/\/ewb.lu\/en\/#organization\",\"name\":\"ErwuesseBildung Asbl\",\"alternateName\":\"EWB\",\"url\":\"https:\/\/ewb.lu\/en\/\",\"logo\":{\"@type\":\"ImageObject\",\"inLanguage\":\"en-US\",\"@id\":\"https:\/\/ewb.lu\/en\/#\/schema\/logo\/image\/\",\"url\":\"https:\/\/ewb.lu\/wp-content\/uploads\/2022\/11\/ewb-logo-header.svg\",\"contentUrl\":\"https:\/\/ewb.lu\/wp-content\/uploads\/2022\/11\/ewb-logo-header.svg\",\"width\":301,\"height\":38,\"caption\":\"ErwuesseBildung Asbl\"},\"image\":{\"@id\":\"https:\/\/ewb.lu\/en\/#\/schema\/logo\/image\/\"},\"sameAs\":[\"https:\/\/www.facebook.com\/ErwuesseBild\/\",\"https:\/\/lu.linkedin.com\/company\/erwuessebildung---formation-dadultes\",\"https:\/\/www.instagram.com\/erwuessebildung_asbl\/\"]},{\"@type\":\"Person\",\"@id\":\"https:\/\/ewb.lu\/en\/#\/schema\/person\/b47c2dac1c3de41b49729de48c17d858\",\"name\":\"admin\",\"image\":{\"@type\":\"ImageObject\",\"inLanguage\":\"en-US\",\"@id\":\"https:\/\/ewb.lu\/en\/#\/schema\/person\/image\/\",\"url\":\"https:\/\/secure.gravatar.com\/avatar\/61b5ac2d9078cff03442b397f1c7563b0bb27e26cfb93239bff85010963c6571?s=96&d=mm&r=g\",\"contentUrl\":\"https:\/\/secure.gravatar.com\/avatar\/61b5ac2d9078cff03442b397f1c7563b0bb27e26cfb93239bff85010963c6571?s=96&d=mm&r=g\",\"caption\":\"admin\"},\"sameAs\":[\"https:\/\/ewb.lu\"],\"url\":\"https:\/\/ewb.lu\/en\/author\/admin_rtrc0oj5\/\"}]}<\/script>\n<!-- \/ Yoast SEO plugin. -->","yoast_head_json":{"title":"Allerheiligenferien: Unser B\u00fcro bleibt geschlossen - EWB","robots":{"index":"index","follow":"follow","max-snippet":"max-snippet:-1","max-image-preview":"max-image-preview:large","max-video-preview":"max-video-preview:-1"},"canonical":"https:\/\/ewb.lu\/en\/allerheiligenferien-unser-buero-bleibt-geschlossen\/","og_locale":"en_US","og_type":"article","og_title":"Allerheiligenferien: Unser B\u00fcro bleibt geschlossen - EWB","og_description":"Unser B\u00fcro bleibt w\u00e4hrend der Allerheiligenferien (31.10. - 4.11.2022) geschlossen.","og_url":"https:\/\/ewb.lu\/en\/allerheiligenferien-unser-buero-bleibt-geschlossen\/","og_site_name":"EWB","article_publisher":"https:\/\/www.facebook.com\/ErwuesseBild\/","article_published_time":"2022-10-01T14:38:17+00:00","article_modified_time":"2023-04-18T09:56:27+00:00","og_image":[{"width":940,"height":788,"url":"https:\/\/ewb.lu\/wp-content\/uploads\/2022\/11\/sorry-weareclosed.jpeg","type":"image\/jpeg"}],"author":"admin","twitter_card":"summary_large_image","twitter_misc":{"Written by":"admin"},"schema":{"@context":"https:\/\/schema.org","@graph":[{"@type":"Article","@id":"https:\/\/ewb.lu\/en\/allerheiligenferien-unser-buero-bleibt-geschlossen\/#article","isPartOf":{"@id":"https:\/\/ewb.lu\/en\/allerheiligenferien-unser-buero-bleibt-geschlossen\/"},"author":{"name":"admin","@id":"https:\/\/ewb.lu\/en\/#\/schema\/person\/b47c2dac1c3de41b49729de48c17d858"},"headline":"Allerheiligenferien: Unser B\u00fcro bleibt geschlossen","datePublished":"2022-10-01T14:38:17+00:00","dateModified":"2023-04-18T09:56:27+00:00","mainEntityOfPage":{"@id":"https:\/\/ewb.lu\/en\/allerheiligenferien-unser-buero-bleibt-geschlossen\/"},"wordCount":64,"commentCount":0,"publisher":{"@id":"https:\/\/ewb.lu\/en\/#organization"},"image":{"@id":"https:\/\/ewb.lu\/en\/allerheiligenferien-unser-buero-bleibt-geschlossen\/#primaryimage"},"thumbnailUrl":"https:\/\/ewb.lu\/wp-content\/uploads\/2022\/11\/sorry-weareclosed.jpeg","inLanguage":"en-US","potentialAction":[{"@type":"CommentAction","name":"Comment","target":["https:\/\/ewb.lu\/en\/allerheiligenferien-unser-buero-bleibt-geschlossen\/#respond"]}]},{"@type":"WebPage","@id":"https:\/\/ewb.lu\/en\/allerheiligenferien-unser-buero-bleibt-geschlossen\/","url":"https:\/\/ewb.lu\/en\/allerheiligenferien-unser-buero-bleibt-geschlossen\/","name":"Allerheiligenferien: Unser B\u00fcro bleibt geschlossen - EWB","isPartOf":{"@id":"https:\/\/ewb.lu\/en\/#website"},"primaryImageOfPage":{"@id":"https:\/\/ewb.lu\/en\/allerheiligenferien-unser-buero-bleibt-geschlossen\/#primaryimage"},"image":{"@id":"https:\/\/ewb.lu\/en\/allerheiligenferien-unser-buero-bleibt-geschlossen\/#primaryimage"},"thumbnailUrl":"https:\/\/ewb.lu\/wp-content\/uploads\/2022\/11\/sorry-weareclosed.jpeg","datePublished":"2022-10-01T14:38:17+00:00","dateModified":"2023-04-18T09:56:27+00:00","breadcrumb":{"@id":"https:\/\/ewb.lu\/en\/allerheiligenferien-unser-buero-bleibt-geschlossen\/#breadcrumb"},"inLanguage":"en-US","potentialAction":[{"@type":"ReadAction","target":["https:\/\/ewb.lu\/en\/allerheiligenferien-unser-buero-bleibt-geschlossen\/"]}]},{"@type":"ImageObject","inLanguage":"en-US","@id":"https:\/\/ewb.lu\/en\/allerheiligenferien-unser-buero-bleibt-geschlossen\/#primaryimage","url":"https:\/\/ewb.lu\/wp-content\/uploads\/2022\/11\/sorry-weareclosed.jpeg","contentUrl":"https:\/\/ewb.lu\/wp-content\/uploads\/2022\/11\/sorry-weareclosed.jpeg","width":940,"height":788},{"@type":"BreadcrumbList","@id":"https:\/\/ewb.lu\/en\/allerheiligenferien-unser-buero-bleibt-geschlossen\/#breadcrumb","itemListElement":[{"@type":"ListItem","position":1,"name":"Startseite","item":"https:\/\/ewb.lu\/en\/"},{"@type":"ListItem","position":2,"name":"Allerheiligenferien: Unser B\u00fcro bleibt geschlossen"}]},{"@type":"WebSite","@id":"https:\/\/ewb.lu\/en\/#website","url":"https:\/\/ewb.lu\/en\/","name":"EwB ErwuesseBildung","description":"ErwuesseBildung","publisher":{"@id":"https:\/\/ewb.lu\/en\/#organization"},"alternateName":"EWB","potentialAction":[{"@type":"SearchAction","target":{"@type":"EntryPoint","urlTemplate":"https:\/\/ewb.lu\/en\/?s={search_term_string}"},"query-input":{"@type":"PropertyValueSpecification","valueRequired":true,"valueName":"search_term_string"}}],"inLanguage":"en-US"},{"@type":"Organization","@id":"https:\/\/ewb.lu\/en\/#organization","name":"ErwuesseBildung Asbl","alternateName":"EWB","url":"https:\/\/ewb.lu\/en\/","logo":{"@type":"ImageObject","inLanguage":"en-US","@id":"https:\/\/ewb.lu\/en\/#\/schema\/logo\/image\/","url":"https:\/\/ewb.lu\/wp-content\/uploads\/2022\/11\/ewb-logo-header.svg","contentUrl":"https:\/\/ewb.lu\/wp-content\/uploads\/2022\/11\/ewb-logo-header.svg","width":301,"height":38,"caption":"ErwuesseBildung Asbl"},"image":{"@id":"https:\/\/ewb.lu\/en\/#\/schema\/logo\/image\/"},"sameAs":["https:\/\/www.facebook.com\/ErwuesseBild\/","https:\/\/lu.linkedin.com\/company\/erwuessebildung---formation-dadultes","https:\/\/www.instagram.com\/erwuessebildung_asbl\/"]},{"@type":"Person","@id":"https:\/\/ewb.lu\/en\/#\/schema\/person\/b47c2dac1c3de41b49729de48c17d858","name":"admin","image":{"@type":"ImageObject","inLanguage":"en-US","@id":"https:\/\/ewb.lu\/en\/#\/schema\/person\/image\/","url":"https:\/\/secure.gravatar.com\/avatar\/61b5ac2d9078cff03442b397f1c7563b0bb27e26cfb93239bff85010963c6571?s=96&d=mm&r=g","contentUrl":"https:\/\/secure.gravatar.com\/avatar\/61b5ac2d9078cff03442b397f1c7563b0bb27e26cfb93239bff85010963c6571?s=96&d=mm&r=g","caption":"admin"},"sameAs":["https:\/\/ewb.lu"],"url":"https:\/\/ewb.lu\/en\/author\/admin_rtrc0oj5\/"}]}},"_links":{"self":[{"href":"https:\/\/ewb.lu\/en\/wp-json\/wp\/v2\/posts\/3336","targetHints":{"allow":["GET"]}}],"collection":[{"href":"https:\/\/ewb.lu\/en\/wp-json\/wp\/v2\/posts"}],"about":[{"href":"https:\/\/ewb.lu\/en\/wp-json\/wp\/v2\/types\/post"}],"author":[{"embeddable":true,"href":"https:\/\/ewb.lu\/en\/wp-json\/wp\/v2\/users\/1"}],"replies":[{"embeddable":true,"href":"https:\/\/ewb.lu\/en\/wp-json\/wp\/v2\/comments?post=3336"}],"version-history":[{"count":2,"href":"https:\/\/ewb.lu\/en\/wp-json\/wp\/v2\/posts\/3336\/revisions"}],"predecessor-version":[{"id":3338,"href":"https:\/\/ewb.lu\/en\/wp-json\/wp\/v2\/posts\/3336\/revisions\/3338"}],"wp:featuredmedia":[{"embeddable":true,"href":"https:\/\/ewb.lu\/en\/wp-json\/wp\/v2\/media\/381"}],"wp:attachment":[{"href":"https:\/\/ewb.lu\/en\/wp-json\/wp\/v2\/media?parent=3336"}],"wp:term":[{"taxonomy":"category","embeddable":true,"href":"https:\/\/ewb.lu\/en\/wp-json\/wp\/v2\/categories?post=3336"},{"taxonomy":"post_tag","embeddable":true,"href":"https:\/\/ewb.lu\/en\/wp-json\/wp\/v2\/tags?post=3336"},{"taxonomy":"program","embeddable":true,"href":"https:\/\/ewb.lu\/en\/wp-json\/wp\/v2\/program?post=3336"}],"curies":[{"name":"wp","href":"https:\/\/api.w.org\/{rel}","templated":true}]}}