{"id":8801,"date":"2024-04-02T07:02:26","date_gmt":"2024-04-02T06:02:26","guid":{"rendered":"https:\/\/ewb.lu\/?p=8801"},"modified":"2024-04-30T09:54:51","modified_gmt":"2024-04-30T08:54:51","slug":"palliativkultur-fir-e-liewensenn-a-wuerd","status":"publish","type":"post","link":"https:\/\/ewb.lu\/en\/palliativkultur-fir-e-liewensenn-a-wuerd\/","title":{"rendered":"Palliativkultur &#8211; Fir e Liewensenn a W\u00fcrd"},"content":{"rendered":"<section class=\"wpb-content-wrapper\"><p>[vc_row][vc_column][vc_column_text]Enn M\u00e4erz 2024 huet d&#8217;EwB eng Table Ronde organis\u00e9iert, d\u00e9i sech dem <strong>Tabu Thema Palliativkultur<\/strong> zougewennt huet.<\/p>\n<p>Krankheet? Doud? Stierwen? \u2013 Dat si keng Themen, iwwer d\u00e9i een onbeschw\u00e9iert schw\u00e4tzt. Heiansdo k\u00ebmmert een sech och l\u00e9iwer net ze vill dor\u00ebm. Mee et kommen awer Momenter am Liewen, do ass et on\u00ebmg\u00e4nglech. Vl\u00e4icht g\u00ebtt een, deen eis nosteet, ee Familljemember, schw\u00e9ier krank, vl\u00e4icht mir selwer, a w\u00e9i kann een dann d\u00e9i lescht Momenter am Liewe gestalten, sou dass Autonomie a W\u00fcrd vum M\u00ebnsch beuecht ginn?<\/p>\n<p>Iwwert d\u00ebs a vill weider Froen hunn de Palliativmediziner <strong>Dr. Bernard Thill<\/strong>, d\u2019<strong>Nicole Weis<\/strong> (Directrice <a href=\"https:\/\/www.omega90.lu\">Omega90<\/a>), d&#8217;<strong>Martina Thill<\/strong> (Psychologin <a href=\"https:\/\/www.omega90.lu\">Omega90<\/a>) an\u00a0de <strong>Roland Kolber<\/strong> (<a href=\"https:\/\/www.luxsenior.lu\/online\/www\/nav_content\/14\/106\/9726\/DEU\/index.html\">M\u00e4i W\u00eblle M\u00e4i Wee<\/a>) \u00ebnnert der Leedung vum <strong>Nora Schleich<\/strong> (EwB) diskut\u00e9iert.[\/vc_column_text][\/vc_column][\/vc_row][vc_row][vc_column width=&#8221;1\/2&#8243;][vc_single_image image=&#8221;8802&#8243; img_size=&#8221;full&#8221; alignment=&#8221;center&#8221; onclick=&#8221;img_link_large&#8221;][\/vc_column][vc_column width=&#8221;1\/2&#8243;][vc_single_image image=&#8221;8806&#8243; img_size=&#8221;large&#8221; alignment=&#8221;center&#8221; onclick=&#8221;img_link_large&#8221;][\/vc_column][\/vc_row][vc_row][vc_column][vc_column_text]<\/p>\n<p data-v-6097fbe0=\"\">Den Owend huet e grousse Publik ugezunn. En Zeechen dofir, dass vill Diskussiounsbedarf besteet an de Sujet m\u00e9i Raum an der \u00cbffentlechkeet brauch. Och an der Politik soll d&#8217;Thema Palliativkultur m\u00e9i eescht geholl an enttabuis\u00e9iert ginn &#8211; sou den Appell aus dem Panel. An enger Gesellschaft an d\u00e4r Stierwen, Doud an Trauer keng wierklech Plaz (m\u00e9i) hunn, sinn d\u00ebst allerd\u00e9ngs keng einfach Ufuerderungen&#8230;<\/p>\n<p>[\/vc_column_text][\/vc_column][\/vc_row][vc_row][vc_column width=&#8221;1\/2&#8243;][vc_single_image image=&#8221;8818&#8243; img_size=&#8221;large&#8221; alignment=&#8221;center&#8221; onclick=&#8221;img_link_large&#8221;][\/vc_column][vc_column width=&#8221;1\/2&#8243;][vc_single_image image=&#8221;8822&#8243; img_size=&#8221;large&#8221; alignment=&#8221;center&#8221; onclick=&#8221;img_link_large&#8221;][\/vc_column][\/vc_row][vc_row][vc_column][vc_single_image image=&#8221;8826&#8243; img_size=&#8221;full&#8221; alignment=&#8221;center&#8221;][\/vc_column][\/vc_row][vc_row][vc_column][vc_separator][\/vc_column][\/vc_row][vc_row][vc_column][vc_column_text]<\/p>\n<p style=\"text-align: center;\"><span style=\"color: #f47f57;\"><strong>De Video ass zur Table Ronde ass elo online! Kuckt Iech en un:<\/strong><\/span><\/p>\n<p>[\/vc_column_text][\/vc_column][\/vc_row][vc_row][vc_column][vc_video link=&#8221;https:\/\/youtu.be\/z7NG3DSANDM?si=e2fuoHxU-HZONedG&#8221; align=&#8221;center&#8221;][\/vc_column][\/vc_row]<\/p>\n<\/section>","protected":false},"excerpt":{"rendered":"<p>De Video zum Owend ass elo online!<\/p>\n","protected":false},"author":11,"featured_media":8814,"comment_status":"closed","ping_status":"closed","sticky":false,"template":"","format":"standard","meta":{"_acf_changed":false,"inline_featured_image":false,"footnotes":""},"categories":[1],"tags":[],"program":[112,69],"class_list":["post-8801","post","type-post","status-publish","format-standard","has-post-thumbnail","hentry","category-unkategorisiert","program-gesellschaft-heute-2","program-tabu-themen"],"acf":[],"yoast_head":"<!-- This site is optimized with the Yoast SEO plugin v27.1.1 - https:\/\/yoast.com\/product\/yoast-seo-wordpress\/ -->\n<title>Tabu Thema-Table Ronde: Palliativkultur - Fir e Liewensenn a W\u00fcrd<\/title>\n<meta name=\"robots\" content=\"index, follow, max-snippet:-1, max-image-preview:large, max-video-preview:-1\" \/>\n<link rel=\"canonical\" href=\"https:\/\/ewb.lu\/en\/palliativkultur-fir-e-liewensenn-a-wuerd\/\" \/>\n<meta property=\"og:locale\" content=\"en_US\" \/>\n<meta property=\"og:type\" content=\"article\" \/>\n<meta property=\"og:title\" content=\"Tabu Thema-Table Ronde: Palliativkultur - Fir e Liewensenn a W\u00fcrd\" \/>\n<meta property=\"og:description\" content=\"De Video zum Owend ass elo online!\" \/>\n<meta property=\"og:url\" content=\"https:\/\/ewb.lu\/en\/palliativkultur-fir-e-liewensenn-a-wuerd\/\" \/>\n<meta property=\"og:site_name\" content=\"EWB\" \/>\n<meta property=\"article:publisher\" content=\"https:\/\/www.facebook.com\/ErwuesseBild\/\" \/>\n<meta property=\"article:published_time\" content=\"2024-04-02T06:02:26+00:00\" \/>\n<meta property=\"article:modified_time\" content=\"2024-04-30T08:54:51+00:00\" \/>\n<meta property=\"og:image\" content=\"https:\/\/ewb.lu\/wp-content\/uploads\/2024\/04\/DSCF7033-scaled.jpg\" \/>\n\t<meta property=\"og:image:width\" content=\"2560\" \/>\n\t<meta property=\"og:image:height\" content=\"1707\" \/>\n\t<meta property=\"og:image:type\" content=\"image\/jpeg\" \/>\n<meta name=\"author\" content=\"Liz\" \/>\n<meta name=\"twitter:card\" content=\"summary_large_image\" \/>\n<meta name=\"twitter:label1\" content=\"Written by\" \/>\n\t<meta name=\"twitter:data1\" content=\"Liz\" \/>\n\t<meta name=\"twitter:label2\" content=\"Est. reading time\" \/>\n\t<meta name=\"twitter:data2\" content=\"2 minutes\" \/>\n<script type=\"application\/ld+json\" class=\"yoast-schema-graph\">{\"@context\":\"https:\/\/schema.org\",\"@graph\":[{\"@type\":\"Article\",\"@id\":\"https:\/\/ewb.lu\/en\/palliativkultur-fir-e-liewensenn-a-wuerd\/#article\",\"isPartOf\":{\"@id\":\"https:\/\/ewb.lu\/en\/palliativkultur-fir-e-liewensenn-a-wuerd\/\"},\"author\":{\"name\":\"Liz\",\"@id\":\"https:\/\/ewb.lu\/en\/#\/schema\/person\/864ab24526964163d0759e2cd4dd0cc7\"},\"headline\":\"Palliativkultur &#8211; Fir e Liewensenn a W\u00fcrd\",\"datePublished\":\"2024-04-02T06:02:26+00:00\",\"dateModified\":\"2024-04-30T08:54:51+00:00\",\"mainEntityOfPage\":{\"@id\":\"https:\/\/ewb.lu\/en\/palliativkultur-fir-e-liewensenn-a-wuerd\/\"},\"wordCount\":408,\"publisher\":{\"@id\":\"https:\/\/ewb.lu\/en\/#organization\"},\"image\":{\"@id\":\"https:\/\/ewb.lu\/en\/palliativkultur-fir-e-liewensenn-a-wuerd\/#primaryimage\"},\"thumbnailUrl\":\"https:\/\/ewb.lu\/wp-content\/uploads\/2024\/04\/DSCF7033-scaled.jpg\",\"articleSection\":[\"Unkategorisiert\"],\"inLanguage\":\"en-US\"},{\"@type\":\"WebPage\",\"@id\":\"https:\/\/ewb.lu\/en\/palliativkultur-fir-e-liewensenn-a-wuerd\/\",\"url\":\"https:\/\/ewb.lu\/en\/palliativkultur-fir-e-liewensenn-a-wuerd\/\",\"name\":\"Tabu Thema-Table Ronde: Palliativkultur - Fir e Liewensenn a W\u00fcrd\",\"isPartOf\":{\"@id\":\"https:\/\/ewb.lu\/en\/#website\"},\"primaryImageOfPage\":{\"@id\":\"https:\/\/ewb.lu\/en\/palliativkultur-fir-e-liewensenn-a-wuerd\/#primaryimage\"},\"image\":{\"@id\":\"https:\/\/ewb.lu\/en\/palliativkultur-fir-e-liewensenn-a-wuerd\/#primaryimage\"},\"thumbnailUrl\":\"https:\/\/ewb.lu\/wp-content\/uploads\/2024\/04\/DSCF7033-scaled.jpg\",\"datePublished\":\"2024-04-02T06:02:26+00:00\",\"dateModified\":\"2024-04-30T08:54:51+00:00\",\"breadcrumb\":{\"@id\":\"https:\/\/ewb.lu\/en\/palliativkultur-fir-e-liewensenn-a-wuerd\/#breadcrumb\"},\"inLanguage\":\"en-US\",\"potentialAction\":[{\"@type\":\"ReadAction\",\"target\":[\"https:\/\/ewb.lu\/en\/palliativkultur-fir-e-liewensenn-a-wuerd\/\"]}]},{\"@type\":\"ImageObject\",\"inLanguage\":\"en-US\",\"@id\":\"https:\/\/ewb.lu\/en\/palliativkultur-fir-e-liewensenn-a-wuerd\/#primaryimage\",\"url\":\"https:\/\/ewb.lu\/wp-content\/uploads\/2024\/04\/DSCF7033-scaled.jpg\",\"contentUrl\":\"https:\/\/ewb.lu\/wp-content\/uploads\/2024\/04\/DSCF7033-scaled.jpg\",\"width\":2560,\"height\":1707,\"caption\":\"Palliativkultur \u2013 fir e Liewensenn a W\u00fcrd\"},{\"@type\":\"BreadcrumbList\",\"@id\":\"https:\/\/ewb.lu\/en\/palliativkultur-fir-e-liewensenn-a-wuerd\/#breadcrumb\",\"itemListElement\":[{\"@type\":\"ListItem\",\"position\":1,\"name\":\"Startseite\",\"item\":\"https:\/\/ewb.lu\/en\/\"},{\"@type\":\"ListItem\",\"position\":2,\"name\":\"Palliativkultur &#8211; Fir e Liewensenn a W\u00fcrd\"}]},{\"@type\":\"WebSite\",\"@id\":\"https:\/\/ewb.lu\/en\/#website\",\"url\":\"https:\/\/ewb.lu\/en\/\",\"name\":\"EwB ErwuesseBildung\",\"description\":\"ErwuesseBildung\",\"publisher\":{\"@id\":\"https:\/\/ewb.lu\/en\/#organization\"},\"alternateName\":\"EWB\",\"potentialAction\":[{\"@type\":\"SearchAction\",\"target\":{\"@type\":\"EntryPoint\",\"urlTemplate\":\"https:\/\/ewb.lu\/en\/?s={search_term_string}\"},\"query-input\":{\"@type\":\"PropertyValueSpecification\",\"valueRequired\":true,\"valueName\":\"search_term_string\"}}],\"inLanguage\":\"en-US\"},{\"@type\":\"Organization\",\"@id\":\"https:\/\/ewb.lu\/en\/#organization\",\"name\":\"ErwuesseBildung Asbl\",\"alternateName\":\"EWB\",\"url\":\"https:\/\/ewb.lu\/en\/\",\"logo\":{\"@type\":\"ImageObject\",\"inLanguage\":\"en-US\",\"@id\":\"https:\/\/ewb.lu\/en\/#\/schema\/logo\/image\/\",\"url\":\"https:\/\/ewb.lu\/wp-content\/uploads\/2022\/11\/ewb-logo-header.svg\",\"contentUrl\":\"https:\/\/ewb.lu\/wp-content\/uploads\/2022\/11\/ewb-logo-header.svg\",\"width\":301,\"height\":38,\"caption\":\"ErwuesseBildung Asbl\"},\"image\":{\"@id\":\"https:\/\/ewb.lu\/en\/#\/schema\/logo\/image\/\"},\"sameAs\":[\"https:\/\/www.facebook.com\/ErwuesseBild\/\",\"https:\/\/lu.linkedin.com\/company\/erwuessebildung---formation-dadultes\",\"https:\/\/www.instagram.com\/erwuessebildung_asbl\/\"]},{\"@type\":\"Person\",\"@id\":\"https:\/\/ewb.lu\/en\/#\/schema\/person\/864ab24526964163d0759e2cd4dd0cc7\",\"name\":\"Liz\",\"image\":{\"@type\":\"ImageObject\",\"inLanguage\":\"en-US\",\"@id\":\"https:\/\/ewb.lu\/en\/#\/schema\/person\/image\/\",\"url\":\"https:\/\/secure.gravatar.com\/avatar\/f22f977b836e02be8b80eb1c04ec22af7ea5b62d636682bc4c3197a817b4c066?s=96&d=mm&r=g\",\"contentUrl\":\"https:\/\/secure.gravatar.com\/avatar\/f22f977b836e02be8b80eb1c04ec22af7ea5b62d636682bc4c3197a817b4c066?s=96&d=mm&r=g\",\"caption\":\"Liz\"},\"url\":\"https:\/\/ewb.lu\/en\/author\/liz\/\"}]}<\/script>\n<!-- \/ Yoast SEO plugin. -->","yoast_head_json":{"title":"Tabu Thema-Table Ronde: Palliativkultur - Fir e Liewensenn a W\u00fcrd","robots":{"index":"index","follow":"follow","max-snippet":"max-snippet:-1","max-image-preview":"max-image-preview:large","max-video-preview":"max-video-preview:-1"},"canonical":"https:\/\/ewb.lu\/en\/palliativkultur-fir-e-liewensenn-a-wuerd\/","og_locale":"en_US","og_type":"article","og_title":"Tabu Thema-Table Ronde: Palliativkultur - Fir e Liewensenn a W\u00fcrd","og_description":"De Video zum Owend ass elo online!","og_url":"https:\/\/ewb.lu\/en\/palliativkultur-fir-e-liewensenn-a-wuerd\/","og_site_name":"EWB","article_publisher":"https:\/\/www.facebook.com\/ErwuesseBild\/","article_published_time":"2024-04-02T06:02:26+00:00","article_modified_time":"2024-04-30T08:54:51+00:00","og_image":[{"width":2560,"height":1707,"url":"https:\/\/ewb.lu\/wp-content\/uploads\/2024\/04\/DSCF7033-scaled.jpg","type":"image\/jpeg"}],"author":"Liz","twitter_card":"summary_large_image","twitter_misc":{"Written by":"Liz","Est. reading time":"2 minutes"},"schema":{"@context":"https:\/\/schema.org","@graph":[{"@type":"Article","@id":"https:\/\/ewb.lu\/en\/palliativkultur-fir-e-liewensenn-a-wuerd\/#article","isPartOf":{"@id":"https:\/\/ewb.lu\/en\/palliativkultur-fir-e-liewensenn-a-wuerd\/"},"author":{"name":"Liz","@id":"https:\/\/ewb.lu\/en\/#\/schema\/person\/864ab24526964163d0759e2cd4dd0cc7"},"headline":"Palliativkultur &#8211; Fir e Liewensenn a W\u00fcrd","datePublished":"2024-04-02T06:02:26+00:00","dateModified":"2024-04-30T08:54:51+00:00","mainEntityOfPage":{"@id":"https:\/\/ewb.lu\/en\/palliativkultur-fir-e-liewensenn-a-wuerd\/"},"wordCount":408,"publisher":{"@id":"https:\/\/ewb.lu\/en\/#organization"},"image":{"@id":"https:\/\/ewb.lu\/en\/palliativkultur-fir-e-liewensenn-a-wuerd\/#primaryimage"},"thumbnailUrl":"https:\/\/ewb.lu\/wp-content\/uploads\/2024\/04\/DSCF7033-scaled.jpg","articleSection":["Unkategorisiert"],"inLanguage":"en-US"},{"@type":"WebPage","@id":"https:\/\/ewb.lu\/en\/palliativkultur-fir-e-liewensenn-a-wuerd\/","url":"https:\/\/ewb.lu\/en\/palliativkultur-fir-e-liewensenn-a-wuerd\/","name":"Tabu Thema-Table Ronde: Palliativkultur - Fir e Liewensenn a W\u00fcrd","isPartOf":{"@id":"https:\/\/ewb.lu\/en\/#website"},"primaryImageOfPage":{"@id":"https:\/\/ewb.lu\/en\/palliativkultur-fir-e-liewensenn-a-wuerd\/#primaryimage"},"image":{"@id":"https:\/\/ewb.lu\/en\/palliativkultur-fir-e-liewensenn-a-wuerd\/#primaryimage"},"thumbnailUrl":"https:\/\/ewb.lu\/wp-content\/uploads\/2024\/04\/DSCF7033-scaled.jpg","datePublished":"2024-04-02T06:02:26+00:00","dateModified":"2024-04-30T08:54:51+00:00","breadcrumb":{"@id":"https:\/\/ewb.lu\/en\/palliativkultur-fir-e-liewensenn-a-wuerd\/#breadcrumb"},"inLanguage":"en-US","potentialAction":[{"@type":"ReadAction","target":["https:\/\/ewb.lu\/en\/palliativkultur-fir-e-liewensenn-a-wuerd\/"]}]},{"@type":"ImageObject","inLanguage":"en-US","@id":"https:\/\/ewb.lu\/en\/palliativkultur-fir-e-liewensenn-a-wuerd\/#primaryimage","url":"https:\/\/ewb.lu\/wp-content\/uploads\/2024\/04\/DSCF7033-scaled.jpg","contentUrl":"https:\/\/ewb.lu\/wp-content\/uploads\/2024\/04\/DSCF7033-scaled.jpg","width":2560,"height":1707,"caption":"Palliativkultur \u2013 fir e Liewensenn a W\u00fcrd"},{"@type":"BreadcrumbList","@id":"https:\/\/ewb.lu\/en\/palliativkultur-fir-e-liewensenn-a-wuerd\/#breadcrumb","itemListElement":[{"@type":"ListItem","position":1,"name":"Startseite","item":"https:\/\/ewb.lu\/en\/"},{"@type":"ListItem","position":2,"name":"Palliativkultur &#8211; Fir e Liewensenn a W\u00fcrd"}]},{"@type":"WebSite","@id":"https:\/\/ewb.lu\/en\/#website","url":"https:\/\/ewb.lu\/en\/","name":"EwB ErwuesseBildung","description":"ErwuesseBildung","publisher":{"@id":"https:\/\/ewb.lu\/en\/#organization"},"alternateName":"EWB","potentialAction":[{"@type":"SearchAction","target":{"@type":"EntryPoint","urlTemplate":"https:\/\/ewb.lu\/en\/?s={search_term_string}"},"query-input":{"@type":"PropertyValueSpecification","valueRequired":true,"valueName":"search_term_string"}}],"inLanguage":"en-US"},{"@type":"Organization","@id":"https:\/\/ewb.lu\/en\/#organization","name":"ErwuesseBildung Asbl","alternateName":"EWB","url":"https:\/\/ewb.lu\/en\/","logo":{"@type":"ImageObject","inLanguage":"en-US","@id":"https:\/\/ewb.lu\/en\/#\/schema\/logo\/image\/","url":"https:\/\/ewb.lu\/wp-content\/uploads\/2022\/11\/ewb-logo-header.svg","contentUrl":"https:\/\/ewb.lu\/wp-content\/uploads\/2022\/11\/ewb-logo-header.svg","width":301,"height":38,"caption":"ErwuesseBildung Asbl"},"image":{"@id":"https:\/\/ewb.lu\/en\/#\/schema\/logo\/image\/"},"sameAs":["https:\/\/www.facebook.com\/ErwuesseBild\/","https:\/\/lu.linkedin.com\/company\/erwuessebildung---formation-dadultes","https:\/\/www.instagram.com\/erwuessebildung_asbl\/"]},{"@type":"Person","@id":"https:\/\/ewb.lu\/en\/#\/schema\/person\/864ab24526964163d0759e2cd4dd0cc7","name":"Liz","image":{"@type":"ImageObject","inLanguage":"en-US","@id":"https:\/\/ewb.lu\/en\/#\/schema\/person\/image\/","url":"https:\/\/secure.gravatar.com\/avatar\/f22f977b836e02be8b80eb1c04ec22af7ea5b62d636682bc4c3197a817b4c066?s=96&d=mm&r=g","contentUrl":"https:\/\/secure.gravatar.com\/avatar\/f22f977b836e02be8b80eb1c04ec22af7ea5b62d636682bc4c3197a817b4c066?s=96&d=mm&r=g","caption":"Liz"},"url":"https:\/\/ewb.lu\/en\/author\/liz\/"}]}},"_links":{"self":[{"href":"https:\/\/ewb.lu\/en\/wp-json\/wp\/v2\/posts\/8801","targetHints":{"allow":["GET"]}}],"collection":[{"href":"https:\/\/ewb.lu\/en\/wp-json\/wp\/v2\/posts"}],"about":[{"href":"https:\/\/ewb.lu\/en\/wp-json\/wp\/v2\/types\/post"}],"author":[{"embeddable":true,"href":"https:\/\/ewb.lu\/en\/wp-json\/wp\/v2\/users\/11"}],"replies":[{"embeddable":true,"href":"https:\/\/ewb.lu\/en\/wp-json\/wp\/v2\/comments?post=8801"}],"version-history":[{"count":15,"href":"https:\/\/ewb.lu\/en\/wp-json\/wp\/v2\/posts\/8801\/revisions"}],"predecessor-version":[{"id":9403,"href":"https:\/\/ewb.lu\/en\/wp-json\/wp\/v2\/posts\/8801\/revisions\/9403"}],"wp:featuredmedia":[{"embeddable":true,"href":"https:\/\/ewb.lu\/en\/wp-json\/wp\/v2\/media\/8814"}],"wp:attachment":[{"href":"https:\/\/ewb.lu\/en\/wp-json\/wp\/v2\/media?parent=8801"}],"wp:term":[{"taxonomy":"category","embeddable":true,"href":"https:\/\/ewb.lu\/en\/wp-json\/wp\/v2\/categories?post=8801"},{"taxonomy":"post_tag","embeddable":true,"href":"https:\/\/ewb.lu\/en\/wp-json\/wp\/v2\/tags?post=8801"},{"taxonomy":"program","embeddable":true,"href":"https:\/\/ewb.lu\/en\/wp-json\/wp\/v2\/program?post=8801"}],"curies":[{"name":"wp","href":"https:\/\/api.w.org\/{rel}","templated":true}]}}