{"id":9808,"date":"2024-06-11T08:55:38","date_gmt":"2024-06-11T07:55:38","guid":{"rendered":"https:\/\/ewb.lu\/?p=9808"},"modified":"2024-06-20T08:51:17","modified_gmt":"2024-06-20T07:51:17","slug":"de-weekend-vun-den-oppene-kierchen-2024","status":"publish","type":"post","link":"https:\/\/ewb.lu\/en\/de-weekend-vun-den-oppene-kierchen-2024\/","title":{"rendered":"De Weekend vun den oppene Kierchen 2024"},"content":{"rendered":"<section class=\"wpb-content-wrapper\"><p>[vc_row][vc_column][vc_column_text]<\/p>\n<h3><span style=\"color: #72005f;\">R\u00e9ckbl\u00e9ck op ee Weekend \u00ebnnert dem Motto &#8220;Blummen a Planzen&#8221;<\/span><\/h3>\n<p>W\u00e9i all Joer, war och d\u00ebst Joer um \u00e9ischte Weekend vum Juni den traditionelle Weekend vun den oppene Kierchen zu L\u00ebtzebuerg. Den Thema war Blummen a Planzen. 58 Kierchen a Kapellen haten hir Diere grouss opgemaach, op vill Plaze gouf et och ee spezielle Programm.<\/p>\n<p><span style=\"color: #f47f57;\"><a style=\"color: #f47f57;\" href=\"https:\/\/photos.cathol.lu\/index.php?\/category\/707\"><b>Klickt duerch eise Fotoalbum<\/b><\/a><\/span>\u00a0a loosst iech vun der Pracht an der Vilfalt vum l\u00ebtzebuergesche reli\u00e9ise Patrimoine iwwerzeegen.<\/p>\n<p>Fir d&#8217;Ouverture hunn eis Vertrieder vun der Kierch (Weib\u00ebschof L\u00e9on Wagener an de Vicaire \u00c9piscopal Georges Hellinghausen), dem Kulturminist\u00e8re (Patrick Dondelinger) an der Stad L\u00ebtzebuerg (Sch\u00e4ffe Maurice Bauer a Conseiller Robert Philippart) be\u00e9iert. De Maurice Clement huet mat engem exzellente Concert op der Uergel duerch den europ\u00e4esche Barock gef\u00e9iert an d&#8217;Christiane Kremer-Hoffmann huet erkl\u00e4ert, wat et domat op sech huet, datt een dacks Blummen a Planzen am Dekor vun enger Kierch f\u00ebnnt.<\/p>\n<p>Zu \u00c9ileng gouf freides owes een After-Work mat DJen organis\u00e9iert a ganz vill Leit hu vun d\u00e4r exzellenter Atmosph\u00e4r profit\u00e9iert.<\/p>\n<p>Zu Bollenduerf-Br\u00e9ck war eng Ausstellung vun enger jonker K\u00ebnschtlerin, zu Steebr\u00e9cken gouf den Dekor\u00a0vum Ady Deville virgestallt.<\/p>\n<p>Op vill Plaze goufe Visite\u00a0Guid\u00e9e\u00ebnugebueden, dacks mam Schw\u00e9ierpunkt Blummen. D&#8217;Kierche ware sch\u00e9i ger\u00ebscht an ee gudden Doft huet ee bei der Entr\u00e9e empfaangen. Dat war besonnesch de Fall zu L\u00eblz an der klenger Duerfkapell, wou e puer \u00fcppeg Bouquete mat Rouse stoungen an d&#8217;Fr\u00ebnn vun de Rousen och eppes dozou verzielt hunn. Awer och op der Pirmesknupp, m\u00ebtten an der fr\u00e4ier Natur, stoungen d&#8217;Planze vun haut a vu fr\u00e9ier am M\u00ebttelpunkt. D\u00e9i sch\u00e9inste Barock Kapell vu L\u00ebtzebuerg D&#8217;Loretto-Kapell zu Clierf, um Bord vun der Uertschaft, am fr\u00e9iere W\u00ebldpark, war och ausnamsweis ze besichtegen.[\/vc_column_text][\/vc_column][\/vc_row][vc_row][vc_column][vc_single_image image=&#8221;9847&#8243; img_size=&#8221;large&#8221; add_caption=&#8221;yes&#8221; alignment=&#8221;center&#8221;][\/vc_column][\/vc_row][vc_row][vc_column][vc_column_text]<strong>E grousse Merci geet un d\u00e9i vill lokal Leit, d\u00e9i sech \u00ebm &#8220;hier&#8221; Kierch k\u00ebmmeren an houfreg si fir se alle Leit ze weisen. An natierlech och un d\u00e9i Generatioune vu Leit virdrun, deene mer ze verdanken hunn, datt mer esou ee prachtvolle Patrimoine hunn.<\/strong><\/p>\n<p><span style=\"color: #f47f57;\"><a style=\"color: #f47f57;\" href=\"https:\/\/photos.cathol.lu\/index.php?\/category\/707\"><strong>Zur Fotogalerie&#8230;\u00a0<\/strong><\/a><\/span>[\/vc_column_text][\/vc_column][\/vc_row]<\/p>\n<\/section>","protected":false},"excerpt":{"rendered":"<p>R\u00e9ckbl\u00e9ck op ee Weekend \u00ebnnert dem Motto &#8220;Blummen a Planzen&#8221;<\/p>\n","protected":false},"author":11,"featured_media":9809,"comment_status":"closed","ping_status":"closed","sticky":false,"template":"","format":"standard","meta":{"_acf_changed":false,"inline_featured_image":false,"footnotes":""},"categories":[1],"tags":[],"program":[78,39],"class_list":["post-9808","post","type-post","status-publish","format-standard","has-post-thumbnail","hentry","category-unkategorisiert","program-oppe-kierchen","program-religioeses-erbe"],"acf":[],"yoast_head":"<!-- This site is optimized with the Yoast SEO plugin v27.1.1 - https:\/\/yoast.com\/product\/yoast-seo-wordpress\/ -->\n<title>De Weekend vun den oppene Kierchen 2024 - EWB<\/title>\n<meta name=\"description\" content=\"Klickt duerch eise Fotoalbum\u00a0a loosst iech vun der Pracht an der Vilfalt vum l\u00ebtzebuergesche reli\u00e9ise Patrimoine iwwerzeegen.\" \/>\n<meta name=\"robots\" content=\"index, follow, max-snippet:-1, max-image-preview:large, max-video-preview:-1\" \/>\n<link rel=\"canonical\" href=\"https:\/\/ewb.lu\/en\/de-weekend-vun-den-oppene-kierchen-2024\/\" \/>\n<meta property=\"og:locale\" content=\"en_US\" \/>\n<meta property=\"og:type\" content=\"article\" \/>\n<meta property=\"og:title\" content=\"De Weekend vun den oppene Kierchen 2024 - EWB\" \/>\n<meta property=\"og:description\" content=\"Klickt duerch eise Fotoalbum\u00a0a loosst iech vun der Pracht an der Vilfalt vum l\u00ebtzebuergesche reli\u00e9ise Patrimoine iwwerzeegen.\" \/>\n<meta property=\"og:url\" content=\"https:\/\/ewb.lu\/en\/de-weekend-vun-den-oppene-kierchen-2024\/\" \/>\n<meta property=\"og:site_name\" content=\"EWB\" \/>\n<meta property=\"article:publisher\" content=\"https:\/\/www.facebook.com\/ErwuesseBild\/\" \/>\n<meta property=\"article:published_time\" content=\"2024-06-11T07:55:38+00:00\" \/>\n<meta property=\"article:modified_time\" content=\"2024-06-20T07:51:17+00:00\" \/>\n<meta property=\"og:image\" content=\"https:\/\/ewb.lu\/wp-content\/uploads\/2024\/06\/20240610111708-ce63e282-xx.jpg\" \/>\n\t<meta property=\"og:image:width\" content=\"1656\" \/>\n\t<meta property=\"og:image:height\" content=\"1104\" \/>\n\t<meta property=\"og:image:type\" content=\"image\/jpeg\" \/>\n<meta name=\"author\" content=\"Liz\" \/>\n<meta name=\"twitter:card\" content=\"summary_large_image\" \/>\n<meta name=\"twitter:label1\" content=\"Written by\" \/>\n\t<meta name=\"twitter:data1\" content=\"Liz\" \/>\n\t<meta name=\"twitter:label2\" content=\"Est. reading time\" \/>\n\t<meta name=\"twitter:data2\" content=\"2 minutes\" \/>\n<script type=\"application\/ld+json\" class=\"yoast-schema-graph\">{\"@context\":\"https:\/\/schema.org\",\"@graph\":[{\"@type\":\"Article\",\"@id\":\"https:\/\/ewb.lu\/en\/de-weekend-vun-den-oppene-kierchen-2024\/#article\",\"isPartOf\":{\"@id\":\"https:\/\/ewb.lu\/en\/de-weekend-vun-den-oppene-kierchen-2024\/\"},\"author\":{\"name\":\"Liz\",\"@id\":\"https:\/\/ewb.lu\/en\/#\/schema\/person\/864ab24526964163d0759e2cd4dd0cc7\"},\"headline\":\"De Weekend vun den oppene Kierchen 2024\",\"datePublished\":\"2024-06-11T07:55:38+00:00\",\"dateModified\":\"2024-06-20T07:51:17+00:00\",\"mainEntityOfPage\":{\"@id\":\"https:\/\/ewb.lu\/en\/de-weekend-vun-den-oppene-kierchen-2024\/\"},\"wordCount\":428,\"publisher\":{\"@id\":\"https:\/\/ewb.lu\/en\/#organization\"},\"image\":{\"@id\":\"https:\/\/ewb.lu\/en\/de-weekend-vun-den-oppene-kierchen-2024\/#primaryimage\"},\"thumbnailUrl\":\"https:\/\/ewb.lu\/wp-content\/uploads\/2024\/06\/20240610111708-ce63e282-xx.jpg\",\"articleSection\":[\"Unkategorisiert\"],\"inLanguage\":\"en-US\"},{\"@type\":\"WebPage\",\"@id\":\"https:\/\/ewb.lu\/en\/de-weekend-vun-den-oppene-kierchen-2024\/\",\"url\":\"https:\/\/ewb.lu\/en\/de-weekend-vun-den-oppene-kierchen-2024\/\",\"name\":\"De Weekend vun den oppene Kierchen 2024 - EWB\",\"isPartOf\":{\"@id\":\"https:\/\/ewb.lu\/en\/#website\"},\"primaryImageOfPage\":{\"@id\":\"https:\/\/ewb.lu\/en\/de-weekend-vun-den-oppene-kierchen-2024\/#primaryimage\"},\"image\":{\"@id\":\"https:\/\/ewb.lu\/en\/de-weekend-vun-den-oppene-kierchen-2024\/#primaryimage\"},\"thumbnailUrl\":\"https:\/\/ewb.lu\/wp-content\/uploads\/2024\/06\/20240610111708-ce63e282-xx.jpg\",\"datePublished\":\"2024-06-11T07:55:38+00:00\",\"dateModified\":\"2024-06-20T07:51:17+00:00\",\"description\":\"Klickt duerch eise Fotoalbum\u00a0a loosst iech vun der Pracht an der Vilfalt vum l\u00ebtzebuergesche reli\u00e9ise Patrimoine iwwerzeegen.\",\"breadcrumb\":{\"@id\":\"https:\/\/ewb.lu\/en\/de-weekend-vun-den-oppene-kierchen-2024\/#breadcrumb\"},\"inLanguage\":\"en-US\",\"potentialAction\":[{\"@type\":\"ReadAction\",\"target\":[\"https:\/\/ewb.lu\/en\/de-weekend-vun-den-oppene-kierchen-2024\/\"]}]},{\"@type\":\"ImageObject\",\"inLanguage\":\"en-US\",\"@id\":\"https:\/\/ewb.lu\/en\/de-weekend-vun-den-oppene-kierchen-2024\/#primaryimage\",\"url\":\"https:\/\/ewb.lu\/wp-content\/uploads\/2024\/06\/20240610111708-ce63e282-xx.jpg\",\"contentUrl\":\"https:\/\/ewb.lu\/wp-content\/uploads\/2024\/06\/20240610111708-ce63e282-xx.jpg\",\"width\":1656,\"height\":1104},{\"@type\":\"BreadcrumbList\",\"@id\":\"https:\/\/ewb.lu\/en\/de-weekend-vun-den-oppene-kierchen-2024\/#breadcrumb\",\"itemListElement\":[{\"@type\":\"ListItem\",\"position\":1,\"name\":\"Startseite\",\"item\":\"https:\/\/ewb.lu\/en\/\"},{\"@type\":\"ListItem\",\"position\":2,\"name\":\"De Weekend vun den oppene Kierchen 2024\"}]},{\"@type\":\"WebSite\",\"@id\":\"https:\/\/ewb.lu\/en\/#website\",\"url\":\"https:\/\/ewb.lu\/en\/\",\"name\":\"EwB ErwuesseBildung\",\"description\":\"ErwuesseBildung\",\"publisher\":{\"@id\":\"https:\/\/ewb.lu\/en\/#organization\"},\"alternateName\":\"EWB\",\"potentialAction\":[{\"@type\":\"SearchAction\",\"target\":{\"@type\":\"EntryPoint\",\"urlTemplate\":\"https:\/\/ewb.lu\/en\/?s={search_term_string}\"},\"query-input\":{\"@type\":\"PropertyValueSpecification\",\"valueRequired\":true,\"valueName\":\"search_term_string\"}}],\"inLanguage\":\"en-US\"},{\"@type\":\"Organization\",\"@id\":\"https:\/\/ewb.lu\/en\/#organization\",\"name\":\"ErwuesseBildung Asbl\",\"alternateName\":\"EWB\",\"url\":\"https:\/\/ewb.lu\/en\/\",\"logo\":{\"@type\":\"ImageObject\",\"inLanguage\":\"en-US\",\"@id\":\"https:\/\/ewb.lu\/en\/#\/schema\/logo\/image\/\",\"url\":\"https:\/\/ewb.lu\/wp-content\/uploads\/2022\/11\/ewb-logo-header.svg\",\"contentUrl\":\"https:\/\/ewb.lu\/wp-content\/uploads\/2022\/11\/ewb-logo-header.svg\",\"width\":301,\"height\":38,\"caption\":\"ErwuesseBildung Asbl\"},\"image\":{\"@id\":\"https:\/\/ewb.lu\/en\/#\/schema\/logo\/image\/\"},\"sameAs\":[\"https:\/\/www.facebook.com\/ErwuesseBild\/\",\"https:\/\/lu.linkedin.com\/company\/erwuessebildung---formation-dadultes\",\"https:\/\/www.instagram.com\/erwuessebildung_asbl\/\"]},{\"@type\":\"Person\",\"@id\":\"https:\/\/ewb.lu\/en\/#\/schema\/person\/864ab24526964163d0759e2cd4dd0cc7\",\"name\":\"Liz\",\"image\":{\"@type\":\"ImageObject\",\"inLanguage\":\"en-US\",\"@id\":\"https:\/\/ewb.lu\/en\/#\/schema\/person\/image\/\",\"url\":\"https:\/\/secure.gravatar.com\/avatar\/f22f977b836e02be8b80eb1c04ec22af7ea5b62d636682bc4c3197a817b4c066?s=96&d=mm&r=g\",\"contentUrl\":\"https:\/\/secure.gravatar.com\/avatar\/f22f977b836e02be8b80eb1c04ec22af7ea5b62d636682bc4c3197a817b4c066?s=96&d=mm&r=g\",\"caption\":\"Liz\"},\"url\":\"https:\/\/ewb.lu\/en\/author\/liz\/\"}]}<\/script>\n<!-- \/ Yoast SEO plugin. -->","yoast_head_json":{"title":"De Weekend vun den oppene Kierchen 2024 - EWB","description":"Klickt duerch eise Fotoalbum\u00a0a loosst iech vun der Pracht an der Vilfalt vum l\u00ebtzebuergesche reli\u00e9ise Patrimoine iwwerzeegen.","robots":{"index":"index","follow":"follow","max-snippet":"max-snippet:-1","max-image-preview":"max-image-preview:large","max-video-preview":"max-video-preview:-1"},"canonical":"https:\/\/ewb.lu\/en\/de-weekend-vun-den-oppene-kierchen-2024\/","og_locale":"en_US","og_type":"article","og_title":"De Weekend vun den oppene Kierchen 2024 - EWB","og_description":"Klickt duerch eise Fotoalbum\u00a0a loosst iech vun der Pracht an der Vilfalt vum l\u00ebtzebuergesche reli\u00e9ise Patrimoine iwwerzeegen.","og_url":"https:\/\/ewb.lu\/en\/de-weekend-vun-den-oppene-kierchen-2024\/","og_site_name":"EWB","article_publisher":"https:\/\/www.facebook.com\/ErwuesseBild\/","article_published_time":"2024-06-11T07:55:38+00:00","article_modified_time":"2024-06-20T07:51:17+00:00","og_image":[{"width":1656,"height":1104,"url":"https:\/\/ewb.lu\/wp-content\/uploads\/2024\/06\/20240610111708-ce63e282-xx.jpg","type":"image\/jpeg"}],"author":"Liz","twitter_card":"summary_large_image","twitter_misc":{"Written by":"Liz","Est. reading time":"2 minutes"},"schema":{"@context":"https:\/\/schema.org","@graph":[{"@type":"Article","@id":"https:\/\/ewb.lu\/en\/de-weekend-vun-den-oppene-kierchen-2024\/#article","isPartOf":{"@id":"https:\/\/ewb.lu\/en\/de-weekend-vun-den-oppene-kierchen-2024\/"},"author":{"name":"Liz","@id":"https:\/\/ewb.lu\/en\/#\/schema\/person\/864ab24526964163d0759e2cd4dd0cc7"},"headline":"De Weekend vun den oppene Kierchen 2024","datePublished":"2024-06-11T07:55:38+00:00","dateModified":"2024-06-20T07:51:17+00:00","mainEntityOfPage":{"@id":"https:\/\/ewb.lu\/en\/de-weekend-vun-den-oppene-kierchen-2024\/"},"wordCount":428,"publisher":{"@id":"https:\/\/ewb.lu\/en\/#organization"},"image":{"@id":"https:\/\/ewb.lu\/en\/de-weekend-vun-den-oppene-kierchen-2024\/#primaryimage"},"thumbnailUrl":"https:\/\/ewb.lu\/wp-content\/uploads\/2024\/06\/20240610111708-ce63e282-xx.jpg","articleSection":["Unkategorisiert"],"inLanguage":"en-US"},{"@type":"WebPage","@id":"https:\/\/ewb.lu\/en\/de-weekend-vun-den-oppene-kierchen-2024\/","url":"https:\/\/ewb.lu\/en\/de-weekend-vun-den-oppene-kierchen-2024\/","name":"De Weekend vun den oppene Kierchen 2024 - EWB","isPartOf":{"@id":"https:\/\/ewb.lu\/en\/#website"},"primaryImageOfPage":{"@id":"https:\/\/ewb.lu\/en\/de-weekend-vun-den-oppene-kierchen-2024\/#primaryimage"},"image":{"@id":"https:\/\/ewb.lu\/en\/de-weekend-vun-den-oppene-kierchen-2024\/#primaryimage"},"thumbnailUrl":"https:\/\/ewb.lu\/wp-content\/uploads\/2024\/06\/20240610111708-ce63e282-xx.jpg","datePublished":"2024-06-11T07:55:38+00:00","dateModified":"2024-06-20T07:51:17+00:00","description":"Klickt duerch eise Fotoalbum\u00a0a loosst iech vun der Pracht an der Vilfalt vum l\u00ebtzebuergesche reli\u00e9ise Patrimoine iwwerzeegen.","breadcrumb":{"@id":"https:\/\/ewb.lu\/en\/de-weekend-vun-den-oppene-kierchen-2024\/#breadcrumb"},"inLanguage":"en-US","potentialAction":[{"@type":"ReadAction","target":["https:\/\/ewb.lu\/en\/de-weekend-vun-den-oppene-kierchen-2024\/"]}]},{"@type":"ImageObject","inLanguage":"en-US","@id":"https:\/\/ewb.lu\/en\/de-weekend-vun-den-oppene-kierchen-2024\/#primaryimage","url":"https:\/\/ewb.lu\/wp-content\/uploads\/2024\/06\/20240610111708-ce63e282-xx.jpg","contentUrl":"https:\/\/ewb.lu\/wp-content\/uploads\/2024\/06\/20240610111708-ce63e282-xx.jpg","width":1656,"height":1104},{"@type":"BreadcrumbList","@id":"https:\/\/ewb.lu\/en\/de-weekend-vun-den-oppene-kierchen-2024\/#breadcrumb","itemListElement":[{"@type":"ListItem","position":1,"name":"Startseite","item":"https:\/\/ewb.lu\/en\/"},{"@type":"ListItem","position":2,"name":"De Weekend vun den oppene Kierchen 2024"}]},{"@type":"WebSite","@id":"https:\/\/ewb.lu\/en\/#website","url":"https:\/\/ewb.lu\/en\/","name":"EwB ErwuesseBildung","description":"ErwuesseBildung","publisher":{"@id":"https:\/\/ewb.lu\/en\/#organization"},"alternateName":"EWB","potentialAction":[{"@type":"SearchAction","target":{"@type":"EntryPoint","urlTemplate":"https:\/\/ewb.lu\/en\/?s={search_term_string}"},"query-input":{"@type":"PropertyValueSpecification","valueRequired":true,"valueName":"search_term_string"}}],"inLanguage":"en-US"},{"@type":"Organization","@id":"https:\/\/ewb.lu\/en\/#organization","name":"ErwuesseBildung Asbl","alternateName":"EWB","url":"https:\/\/ewb.lu\/en\/","logo":{"@type":"ImageObject","inLanguage":"en-US","@id":"https:\/\/ewb.lu\/en\/#\/schema\/logo\/image\/","url":"https:\/\/ewb.lu\/wp-content\/uploads\/2022\/11\/ewb-logo-header.svg","contentUrl":"https:\/\/ewb.lu\/wp-content\/uploads\/2022\/11\/ewb-logo-header.svg","width":301,"height":38,"caption":"ErwuesseBildung Asbl"},"image":{"@id":"https:\/\/ewb.lu\/en\/#\/schema\/logo\/image\/"},"sameAs":["https:\/\/www.facebook.com\/ErwuesseBild\/","https:\/\/lu.linkedin.com\/company\/erwuessebildung---formation-dadultes","https:\/\/www.instagram.com\/erwuessebildung_asbl\/"]},{"@type":"Person","@id":"https:\/\/ewb.lu\/en\/#\/schema\/person\/864ab24526964163d0759e2cd4dd0cc7","name":"Liz","image":{"@type":"ImageObject","inLanguage":"en-US","@id":"https:\/\/ewb.lu\/en\/#\/schema\/person\/image\/","url":"https:\/\/secure.gravatar.com\/avatar\/f22f977b836e02be8b80eb1c04ec22af7ea5b62d636682bc4c3197a817b4c066?s=96&d=mm&r=g","contentUrl":"https:\/\/secure.gravatar.com\/avatar\/f22f977b836e02be8b80eb1c04ec22af7ea5b62d636682bc4c3197a817b4c066?s=96&d=mm&r=g","caption":"Liz"},"url":"https:\/\/ewb.lu\/en\/author\/liz\/"}]}},"_links":{"self":[{"href":"https:\/\/ewb.lu\/en\/wp-json\/wp\/v2\/posts\/9808","targetHints":{"allow":["GET"]}}],"collection":[{"href":"https:\/\/ewb.lu\/en\/wp-json\/wp\/v2\/posts"}],"about":[{"href":"https:\/\/ewb.lu\/en\/wp-json\/wp\/v2\/types\/post"}],"author":[{"embeddable":true,"href":"https:\/\/ewb.lu\/en\/wp-json\/wp\/v2\/users\/11"}],"replies":[{"embeddable":true,"href":"https:\/\/ewb.lu\/en\/wp-json\/wp\/v2\/comments?post=9808"}],"version-history":[{"count":7,"href":"https:\/\/ewb.lu\/en\/wp-json\/wp\/v2\/posts\/9808\/revisions"}],"predecessor-version":[{"id":10003,"href":"https:\/\/ewb.lu\/en\/wp-json\/wp\/v2\/posts\/9808\/revisions\/10003"}],"wp:featuredmedia":[{"embeddable":true,"href":"https:\/\/ewb.lu\/en\/wp-json\/wp\/v2\/media\/9809"}],"wp:attachment":[{"href":"https:\/\/ewb.lu\/en\/wp-json\/wp\/v2\/media?parent=9808"}],"wp:term":[{"taxonomy":"category","embeddable":true,"href":"https:\/\/ewb.lu\/en\/wp-json\/wp\/v2\/categories?post=9808"},{"taxonomy":"post_tag","embeddable":true,"href":"https:\/\/ewb.lu\/en\/wp-json\/wp\/v2\/tags?post=9808"},{"taxonomy":"program","embeddable":true,"href":"https:\/\/ewb.lu\/en\/wp-json\/wp\/v2\/program?post=9808"}],"curies":[{"name":"wp","href":"https:\/\/api.w.org\/{rel}","templated":true}]}}