{"id":11062,"date":"2024-07-31T06:57:14","date_gmt":"2024-07-31T05:57:14","guid":{"rendered":"https:\/\/ewb.lu\/?p=11062"},"modified":"2024-10-01T09:23:56","modified_gmt":"2024-10-01T08:23:56","slug":"growing-together","status":"publish","type":"post","link":"https:\/\/ewb.lu\/fr\/growing-together\/","title":{"rendered":"Growing together"},"content":{"rendered":"<section class=\"wpb-content-wrapper\"><p>[vc_row][vc_column][vc_column_text]<\/p>\n<p style=\"font-weight: 400;\"><strong>Die EwB hat einen neuen Namen f\u00fcr Ihre Familienveranstaltungen: \u201e<a href=\"https:\/\/ewb.lu\/program\/growing-together\/\"><em>Growing together<\/em><\/a>\u201c.<\/strong><\/p>\n<p style=\"font-weight: 400;\">Kinder wachsen und entwickeln sich von Geburt an st\u00e4ndig weiter. Eltern und Bezugspersonen wachsen mit ihnen. Eltern k\u00f6nnen im Dialog mit anderen an dieser Aufgabe wachsen. <strong>Das macht vieles leichter.<\/strong> Unsere Angebote sollen Familien daf\u00fcr Zeit und Raum bieten.<\/p>\n<h4>Ein Dokument mit dem gesamten Programm von September bis Dezember 2024 k\u00f6nnen Sie <span style=\"color: #72005f;\"><a style=\"color: #72005f;\" href=\"https:\/\/ewb.lu\/wp-content\/uploads\/2024\/09\/Growing-Together-Programm-Sept-Dez-24.pdf\"><strong>hier<\/strong><\/a><\/span> herunterladen.<\/h4>\n<p>&nbsp;<\/p>\n<p style=\"font-weight: 400; text-align: center;\"><span style=\"color: #f47f57;\"><strong>Unter der neuen Rubrik finden Sie k\u00fcnftig Veranstaltungen zu folgenden Themen:<\/strong><\/span><\/p>\n<p>[\/vc_column_text][vc_empty_space height=\u00a0\u00bb20px\u00a0\u00bb][vc_text_separator title=\u00a0\u00bbNatur\u00a0\u00bb color=\u00a0\u00bbpurple\u00a0\u00bb][vc_column_text]<\/p>\n<p style=\"font-weight: 400;\">Mit Kindern Zeit in der Natur verbringen ist f\u00fcr alle ein Gewinn. Gro\u00df und Klein erfahren die Natur als Entspannungsraum, erleben sie mit allen Sinnen und lernen ganz nebenbei Neues \u00fcber die heimische Tier- und Pflanzenwelt.\u00a0 Am \u201eFamilientag\u201c verbringen wir mit anderen Familien einen Tag im Wald. Samstags vormittags geht es f\u00fcr eine gute Stunde mit den (Gro\u00df-)Eltern in den Wald.<\/p>\n<p><a href=\"https:\/\/ewb.lu\/program\/natur\/\">Das Natur-Programm entdecken&#8230;<\/a>[\/vc_column_text][vc_text_separator title=\u00a0\u00bbLiteratur &amp; Film\u00a0\u00bb color=\u00a0\u00bbpurple\u00a0\u00bb][vc_column_text]<\/p>\n<p style=\"font-weight: 400;\">Auch im Bereich der Lesef\u00f6rderung sind wir weiterhin aktiv, hier bietet die EwB Lesevormittage, Schreibwerkst\u00e4tte und Bilderbuchwerkst\u00e4tte an. F\u00fcr Eltern und Kinder von 0 bis 12 Jahren gibt es ein breites Programm.<\/p>\n<p style=\"font-weight: 400;\">Kinder lernen schon recht fr\u00fch das Medium Film kennen. Doch welche Filme sind f\u00fcr welches Alter geeignet und wie lange darf mein Kind t\u00e4glich Filme schauen? Wir laden alle Familien zu einem Filmfr\u00fchst\u00fcck in die EwB ein und schauen uns gemeinsam einen Familienfilm an und tauschen uns dar\u00fcber aus. In der Reihe \u201e<em>docu debates for parents<\/em>\u201c bieten wir Diskussionsabende mit einem Dokumentarfilm zu p\u00e4dagogischen Themen an.<\/p>\n<p><a href=\"https:\/\/ewb.lu\/program\/literatur-und-film\/\">Das Literatur &amp; Film-Programm entdecken&#8230;<\/a>[\/vc_column_text][vc_text_separator title=\u00a0\u00bbKunst, Musik &amp; Bewegung\u00a0\u00bb color=\u00a0\u00bbpurple\u00a0\u00bb][vc_column_text]<\/p>\n<p style=\"font-weight: 400;\">In der EwB treffen Bewegung und Kunst aufeinander. Sei es beim gemeinsamen Zeichnen und Malen in mediativer Atmosph\u00e4re, beim musikalischen Rhythmik-Workshop oder beim Familienyoga. Hier wird Raum geboten, um als Familie Neues zu lernen und dabei sch\u00f6ne Erinnerungen zu schaffen.<\/p>\n<p><a href=\"https:\/\/ewb.lu\/program\/kunst-musik-und-bewegung\/\">Das ganze Kunst, Musik &amp; Bewegung-Programm entdecken&#8230;<\/a>[\/vc_column_text][vc_text_separator title=\u00a0\u00bbNeue Medien\u00a0\u00bb color=\u00a0\u00bbpurple\u00a0\u00bb][vc_column_text]Unsere Welt entwickelt sich rasant und die EwB ist bem\u00fcht, mit ihren Veranstaltungen am Puls der Zeit zu bleiben.<\/p>\n<p>In dieser Rubrik finden Familien Angebote zum gemeinsamen Entdecken von neuen Spielen (z.B. Geoguessr-Duell) oder zum gemeinsamen Lernen (Videospiele und Musikvideos codieren). In Workshops f\u00fcr Eltern stellen wir u.a. folgende Fragen: Sind alle Videospiele bedenklich? Wie viel Zeit vor dem Computer ist gesund?\u00a0Wir helfen, Eltern \u00c4ngste zu nehmen und geben ihnen die M\u00f6glichkeit, Videospiele selbst auszuprobieren und die Welt der Videospiele mit den Augen ihrer Kinder zu sehen.<\/p>\n<p><a href=\"https:\/\/ewb.lu\/program\/neue-medien\/\">Das ganze Neue Medien-Programm entdecken&#8230;<\/a>[\/vc_column_text][\/vc_column][\/vc_row][vc_row][vc_column][vc_separator][vc_column_text]<\/p>\n<div class=\"wpb_text_column wpb_content_element \">\n<div class=\"wpb_wrapper\">\n<p><em>In Kooperation mit dem\u00a0<a href=\"https:\/\/eltereforum.lu\/fr\/\">Eltereforum<\/a>, mit der Unterst\u00fctzung vom\u00a0<a href=\"https:\/\/menej.gouvernement.lu\/fr.html\">MENJE<\/a>.<\/em><\/p>\n<\/div>\n<\/div>\n<p>[\/vc_column_text][\/vc_column][\/vc_row]<\/p>\n<\/section>","protected":false},"excerpt":{"rendered":"<p>Unser Familienprogramm hat einen neuen Namen<\/p>\n","protected":false},"author":11,"featured_media":11058,"comment_status":"closed","ping_status":"closed","sticky":false,"template":"","format":"standard","meta":{"_acf_changed":false,"inline_featured_image":false,"footnotes":""},"categories":[1],"tags":[],"program":[36],"class_list":["post-11062","post","type-post","status-publish","format-standard","has-post-thumbnail","hentry","category-unkategorisiert","program-growing-together"],"acf":[],"yoast_head":"<!-- This site is optimized with the Yoast SEO plugin v27.1.1 - https:\/\/yoast.com\/product\/yoast-seo-wordpress\/ -->\n<title>Growing together - EWB<\/title>\n<meta name=\"description\" content=\"Kinder wachsen und entwickeln sich von Geburt an st\u00e4ndig weiter. Eltern und Bezugspersonen wachsen mit ihnen. Unsere Angebote sollen Familien daf\u00fcr Zeit und Raum bieten.\" \/>\n<meta name=\"robots\" content=\"index, follow, max-snippet:-1, max-image-preview:large, max-video-preview:-1\" \/>\n<link rel=\"canonical\" href=\"https:\/\/ewb.lu\/fr\/growing-together\/\" \/>\n<meta property=\"og:locale\" content=\"fr_FR\" \/>\n<meta property=\"og:type\" content=\"article\" \/>\n<meta property=\"og:title\" content=\"Growing together - EWB\" \/>\n<meta property=\"og:description\" content=\"Kinder wachsen und entwickeln sich von Geburt an st\u00e4ndig weiter. Eltern und Bezugspersonen wachsen mit ihnen. Unsere Angebote sollen Familien daf\u00fcr Zeit und Raum bieten.\" \/>\n<meta property=\"og:url\" content=\"https:\/\/ewb.lu\/fr\/growing-together\/\" \/>\n<meta property=\"og:site_name\" content=\"EWB\" \/>\n<meta property=\"article:publisher\" content=\"https:\/\/www.facebook.com\/ErwuesseBild\/\" \/>\n<meta property=\"article:published_time\" content=\"2024-07-31T05:57:14+00:00\" \/>\n<meta property=\"article:modified_time\" content=\"2024-10-01T08:23:56+00:00\" \/>\n<meta property=\"og:image\" content=\"https:\/\/ewb.lu\/wp-content\/uploads\/2024\/07\/Growing-together-Titelbild-V1-4-scaled.jpg\" \/>\n\t<meta property=\"og:image:width\" content=\"2560\" \/>\n\t<meta property=\"og:image:height\" content=\"2560\" \/>\n\t<meta property=\"og:image:type\" content=\"image\/jpeg\" \/>\n<meta name=\"author\" content=\"Liz\" \/>\n<meta name=\"twitter:card\" content=\"summary_large_image\" \/>\n<meta name=\"twitter:label1\" content=\"\u00c9crit par\" \/>\n\t<meta name=\"twitter:data1\" content=\"Liz\" \/>\n\t<meta name=\"twitter:label2\" content=\"Dur\u00e9e de lecture estim\u00e9e\" \/>\n\t<meta name=\"twitter:data2\" content=\"3 minutes\" \/>\n<script type=\"application\/ld+json\" class=\"yoast-schema-graph\">{\"@context\":\"https:\/\/schema.org\",\"@graph\":[{\"@type\":\"Article\",\"@id\":\"https:\/\/ewb.lu\/fr\/growing-together\/#article\",\"isPartOf\":{\"@id\":\"https:\/\/ewb.lu\/fr\/growing-together\/\"},\"author\":{\"name\":\"Liz\",\"@id\":\"https:\/\/ewb.lu\/fr\/#\/schema\/person\/864ab24526964163d0759e2cd4dd0cc7\"},\"headline\":\"Growing together\",\"datePublished\":\"2024-07-31T05:57:14+00:00\",\"dateModified\":\"2024-10-01T08:23:56+00:00\",\"mainEntityOfPage\":{\"@id\":\"https:\/\/ewb.lu\/fr\/growing-together\/\"},\"wordCount\":515,\"publisher\":{\"@id\":\"https:\/\/ewb.lu\/fr\/#organization\"},\"image\":{\"@id\":\"https:\/\/ewb.lu\/fr\/growing-together\/#primaryimage\"},\"thumbnailUrl\":\"https:\/\/ewb.lu\/wp-content\/uploads\/2024\/07\/Growing-together-Titelbild-V1-4-scaled.jpg\",\"articleSection\":[\"Unkategorisiert\"],\"inLanguage\":\"fr-FR\"},{\"@type\":\"WebPage\",\"@id\":\"https:\/\/ewb.lu\/fr\/growing-together\/\",\"url\":\"https:\/\/ewb.lu\/fr\/growing-together\/\",\"name\":\"Growing together - EWB\",\"isPartOf\":{\"@id\":\"https:\/\/ewb.lu\/fr\/#website\"},\"primaryImageOfPage\":{\"@id\":\"https:\/\/ewb.lu\/fr\/growing-together\/#primaryimage\"},\"image\":{\"@id\":\"https:\/\/ewb.lu\/fr\/growing-together\/#primaryimage\"},\"thumbnailUrl\":\"https:\/\/ewb.lu\/wp-content\/uploads\/2024\/07\/Growing-together-Titelbild-V1-4-scaled.jpg\",\"datePublished\":\"2024-07-31T05:57:14+00:00\",\"dateModified\":\"2024-10-01T08:23:56+00:00\",\"description\":\"Kinder wachsen und entwickeln sich von Geburt an st\u00e4ndig weiter. Eltern und Bezugspersonen wachsen mit ihnen. Unsere Angebote sollen Familien daf\u00fcr Zeit und Raum bieten.\",\"breadcrumb\":{\"@id\":\"https:\/\/ewb.lu\/fr\/growing-together\/#breadcrumb\"},\"inLanguage\":\"fr-FR\",\"potentialAction\":[{\"@type\":\"ReadAction\",\"target\":[\"https:\/\/ewb.lu\/fr\/growing-together\/\"]}]},{\"@type\":\"ImageObject\",\"inLanguage\":\"fr-FR\",\"@id\":\"https:\/\/ewb.lu\/fr\/growing-together\/#primaryimage\",\"url\":\"https:\/\/ewb.lu\/wp-content\/uploads\/2024\/07\/Growing-together-Titelbild-V1-4-scaled.jpg\",\"contentUrl\":\"https:\/\/ewb.lu\/wp-content\/uploads\/2024\/07\/Growing-together-Titelbild-V1-4-scaled.jpg\",\"width\":2560,\"height\":2560,\"caption\":\"Growing together Titelbild\"},{\"@type\":\"BreadcrumbList\",\"@id\":\"https:\/\/ewb.lu\/fr\/growing-together\/#breadcrumb\",\"itemListElement\":[{\"@type\":\"ListItem\",\"position\":1,\"name\":\"Startseite\",\"item\":\"https:\/\/ewb.lu\/fr\/\"},{\"@type\":\"ListItem\",\"position\":2,\"name\":\"Growing together\"}]},{\"@type\":\"WebSite\",\"@id\":\"https:\/\/ewb.lu\/fr\/#website\",\"url\":\"https:\/\/ewb.lu\/fr\/\",\"name\":\"EwB ErwuesseBildung\",\"description\":\"ErwuesseBildung\",\"publisher\":{\"@id\":\"https:\/\/ewb.lu\/fr\/#organization\"},\"alternateName\":\"EWB\",\"potentialAction\":[{\"@type\":\"SearchAction\",\"target\":{\"@type\":\"EntryPoint\",\"urlTemplate\":\"https:\/\/ewb.lu\/fr\/?s={search_term_string}\"},\"query-input\":{\"@type\":\"PropertyValueSpecification\",\"valueRequired\":true,\"valueName\":\"search_term_string\"}}],\"inLanguage\":\"fr-FR\"},{\"@type\":\"Organization\",\"@id\":\"https:\/\/ewb.lu\/fr\/#organization\",\"name\":\"ErwuesseBildung Asbl\",\"alternateName\":\"EWB\",\"url\":\"https:\/\/ewb.lu\/fr\/\",\"logo\":{\"@type\":\"ImageObject\",\"inLanguage\":\"fr-FR\",\"@id\":\"https:\/\/ewb.lu\/fr\/#\/schema\/logo\/image\/\",\"url\":\"https:\/\/ewb.lu\/wp-content\/uploads\/2022\/11\/ewb-logo-header.svg\",\"contentUrl\":\"https:\/\/ewb.lu\/wp-content\/uploads\/2022\/11\/ewb-logo-header.svg\",\"width\":301,\"height\":38,\"caption\":\"ErwuesseBildung Asbl\"},\"image\":{\"@id\":\"https:\/\/ewb.lu\/fr\/#\/schema\/logo\/image\/\"},\"sameAs\":[\"https:\/\/www.facebook.com\/ErwuesseBild\/\",\"https:\/\/lu.linkedin.com\/company\/erwuessebildung---formation-dadultes\",\"https:\/\/www.instagram.com\/erwuessebildung_asbl\/\"]},{\"@type\":\"Person\",\"@id\":\"https:\/\/ewb.lu\/fr\/#\/schema\/person\/864ab24526964163d0759e2cd4dd0cc7\",\"name\":\"Liz\",\"image\":{\"@type\":\"ImageObject\",\"inLanguage\":\"fr-FR\",\"@id\":\"https:\/\/ewb.lu\/fr\/#\/schema\/person\/image\/\",\"url\":\"https:\/\/secure.gravatar.com\/avatar\/f22f977b836e02be8b80eb1c04ec22af7ea5b62d636682bc4c3197a817b4c066?s=96&d=mm&r=g\",\"contentUrl\":\"https:\/\/secure.gravatar.com\/avatar\/f22f977b836e02be8b80eb1c04ec22af7ea5b62d636682bc4c3197a817b4c066?s=96&d=mm&r=g\",\"caption\":\"Liz\"},\"url\":\"https:\/\/ewb.lu\/fr\/author\/liz\/\"}]}<\/script>\n<!-- \/ Yoast SEO plugin. -->","yoast_head_json":{"title":"Growing together - EWB","description":"Kinder wachsen und entwickeln sich von Geburt an st\u00e4ndig weiter. Eltern und Bezugspersonen wachsen mit ihnen. Unsere Angebote sollen Familien daf\u00fcr Zeit und Raum bieten.","robots":{"index":"index","follow":"follow","max-snippet":"max-snippet:-1","max-image-preview":"max-image-preview:large","max-video-preview":"max-video-preview:-1"},"canonical":"https:\/\/ewb.lu\/fr\/growing-together\/","og_locale":"fr_FR","og_type":"article","og_title":"Growing together - EWB","og_description":"Kinder wachsen und entwickeln sich von Geburt an st\u00e4ndig weiter. Eltern und Bezugspersonen wachsen mit ihnen. Unsere Angebote sollen Familien daf\u00fcr Zeit und Raum bieten.","og_url":"https:\/\/ewb.lu\/fr\/growing-together\/","og_site_name":"EWB","article_publisher":"https:\/\/www.facebook.com\/ErwuesseBild\/","article_published_time":"2024-07-31T05:57:14+00:00","article_modified_time":"2024-10-01T08:23:56+00:00","og_image":[{"width":2560,"height":2560,"url":"https:\/\/ewb.lu\/wp-content\/uploads\/2024\/07\/Growing-together-Titelbild-V1-4-scaled.jpg","type":"image\/jpeg"}],"author":"Liz","twitter_card":"summary_large_image","twitter_misc":{"\u00c9crit par":"Liz","Dur\u00e9e de lecture estim\u00e9e":"3 minutes"},"schema":{"@context":"https:\/\/schema.org","@graph":[{"@type":"Article","@id":"https:\/\/ewb.lu\/fr\/growing-together\/#article","isPartOf":{"@id":"https:\/\/ewb.lu\/fr\/growing-together\/"},"author":{"name":"Liz","@id":"https:\/\/ewb.lu\/fr\/#\/schema\/person\/864ab24526964163d0759e2cd4dd0cc7"},"headline":"Growing together","datePublished":"2024-07-31T05:57:14+00:00","dateModified":"2024-10-01T08:23:56+00:00","mainEntityOfPage":{"@id":"https:\/\/ewb.lu\/fr\/growing-together\/"},"wordCount":515,"publisher":{"@id":"https:\/\/ewb.lu\/fr\/#organization"},"image":{"@id":"https:\/\/ewb.lu\/fr\/growing-together\/#primaryimage"},"thumbnailUrl":"https:\/\/ewb.lu\/wp-content\/uploads\/2024\/07\/Growing-together-Titelbild-V1-4-scaled.jpg","articleSection":["Unkategorisiert"],"inLanguage":"fr-FR"},{"@type":"WebPage","@id":"https:\/\/ewb.lu\/fr\/growing-together\/","url":"https:\/\/ewb.lu\/fr\/growing-together\/","name":"Growing together - EWB","isPartOf":{"@id":"https:\/\/ewb.lu\/fr\/#website"},"primaryImageOfPage":{"@id":"https:\/\/ewb.lu\/fr\/growing-together\/#primaryimage"},"image":{"@id":"https:\/\/ewb.lu\/fr\/growing-together\/#primaryimage"},"thumbnailUrl":"https:\/\/ewb.lu\/wp-content\/uploads\/2024\/07\/Growing-together-Titelbild-V1-4-scaled.jpg","datePublished":"2024-07-31T05:57:14+00:00","dateModified":"2024-10-01T08:23:56+00:00","description":"Kinder wachsen und entwickeln sich von Geburt an st\u00e4ndig weiter. Eltern und Bezugspersonen wachsen mit ihnen. Unsere Angebote sollen Familien daf\u00fcr Zeit und Raum bieten.","breadcrumb":{"@id":"https:\/\/ewb.lu\/fr\/growing-together\/#breadcrumb"},"inLanguage":"fr-FR","potentialAction":[{"@type":"ReadAction","target":["https:\/\/ewb.lu\/fr\/growing-together\/"]}]},{"@type":"ImageObject","inLanguage":"fr-FR","@id":"https:\/\/ewb.lu\/fr\/growing-together\/#primaryimage","url":"https:\/\/ewb.lu\/wp-content\/uploads\/2024\/07\/Growing-together-Titelbild-V1-4-scaled.jpg","contentUrl":"https:\/\/ewb.lu\/wp-content\/uploads\/2024\/07\/Growing-together-Titelbild-V1-4-scaled.jpg","width":2560,"height":2560,"caption":"Growing together Titelbild"},{"@type":"BreadcrumbList","@id":"https:\/\/ewb.lu\/fr\/growing-together\/#breadcrumb","itemListElement":[{"@type":"ListItem","position":1,"name":"Startseite","item":"https:\/\/ewb.lu\/fr\/"},{"@type":"ListItem","position":2,"name":"Growing together"}]},{"@type":"WebSite","@id":"https:\/\/ewb.lu\/fr\/#website","url":"https:\/\/ewb.lu\/fr\/","name":"EwB ErwuesseBildung","description":"ErwuesseBildung","publisher":{"@id":"https:\/\/ewb.lu\/fr\/#organization"},"alternateName":"EWB","potentialAction":[{"@type":"SearchAction","target":{"@type":"EntryPoint","urlTemplate":"https:\/\/ewb.lu\/fr\/?s={search_term_string}"},"query-input":{"@type":"PropertyValueSpecification","valueRequired":true,"valueName":"search_term_string"}}],"inLanguage":"fr-FR"},{"@type":"Organization","@id":"https:\/\/ewb.lu\/fr\/#organization","name":"ErwuesseBildung Asbl","alternateName":"EWB","url":"https:\/\/ewb.lu\/fr\/","logo":{"@type":"ImageObject","inLanguage":"fr-FR","@id":"https:\/\/ewb.lu\/fr\/#\/schema\/logo\/image\/","url":"https:\/\/ewb.lu\/wp-content\/uploads\/2022\/11\/ewb-logo-header.svg","contentUrl":"https:\/\/ewb.lu\/wp-content\/uploads\/2022\/11\/ewb-logo-header.svg","width":301,"height":38,"caption":"ErwuesseBildung Asbl"},"image":{"@id":"https:\/\/ewb.lu\/fr\/#\/schema\/logo\/image\/"},"sameAs":["https:\/\/www.facebook.com\/ErwuesseBild\/","https:\/\/lu.linkedin.com\/company\/erwuessebildung---formation-dadultes","https:\/\/www.instagram.com\/erwuessebildung_asbl\/"]},{"@type":"Person","@id":"https:\/\/ewb.lu\/fr\/#\/schema\/person\/864ab24526964163d0759e2cd4dd0cc7","name":"Liz","image":{"@type":"ImageObject","inLanguage":"fr-FR","@id":"https:\/\/ewb.lu\/fr\/#\/schema\/person\/image\/","url":"https:\/\/secure.gravatar.com\/avatar\/f22f977b836e02be8b80eb1c04ec22af7ea5b62d636682bc4c3197a817b4c066?s=96&d=mm&r=g","contentUrl":"https:\/\/secure.gravatar.com\/avatar\/f22f977b836e02be8b80eb1c04ec22af7ea5b62d636682bc4c3197a817b4c066?s=96&d=mm&r=g","caption":"Liz"},"url":"https:\/\/ewb.lu\/fr\/author\/liz\/"}]}},"_links":{"self":[{"href":"https:\/\/ewb.lu\/fr\/wp-json\/wp\/v2\/posts\/11062","targetHints":{"allow":["GET"]}}],"collection":[{"href":"https:\/\/ewb.lu\/fr\/wp-json\/wp\/v2\/posts"}],"about":[{"href":"https:\/\/ewb.lu\/fr\/wp-json\/wp\/v2\/types\/post"}],"author":[{"embeddable":true,"href":"https:\/\/ewb.lu\/fr\/wp-json\/wp\/v2\/users\/11"}],"replies":[{"embeddable":true,"href":"https:\/\/ewb.lu\/fr\/wp-json\/wp\/v2\/comments?post=11062"}],"version-history":[{"count":10,"href":"https:\/\/ewb.lu\/fr\/wp-json\/wp\/v2\/posts\/11062\/revisions"}],"predecessor-version":[{"id":12071,"href":"https:\/\/ewb.lu\/fr\/wp-json\/wp\/v2\/posts\/11062\/revisions\/12071"}],"wp:featuredmedia":[{"embeddable":true,"href":"https:\/\/ewb.lu\/fr\/wp-json\/wp\/v2\/media\/11058"}],"wp:attachment":[{"href":"https:\/\/ewb.lu\/fr\/wp-json\/wp\/v2\/media?parent=11062"}],"wp:term":[{"taxonomy":"category","embeddable":true,"href":"https:\/\/ewb.lu\/fr\/wp-json\/wp\/v2\/categories?post=11062"},{"taxonomy":"post_tag","embeddable":true,"href":"https:\/\/ewb.lu\/fr\/wp-json\/wp\/v2\/tags?post=11062"},{"taxonomy":"program","embeddable":true,"href":"https:\/\/ewb.lu\/fr\/wp-json\/wp\/v2\/program?post=11062"}],"curies":[{"name":"wp","href":"https:\/\/api.w.org\/{rel}","templated":true}]}}