{"id":16152,"date":"2025-04-29T10:43:44","date_gmt":"2025-04-29T08:43:44","guid":{"rendered":"https:\/\/ewb.lu\/nei-kooperatioun-teschent-ewb-bistum-an-cfd\/"},"modified":"2025-05-13T13:22:14","modified_gmt":"2025-05-13T11:22:14","slug":"nei-kooperatioun-teschent-ewb-bistum-an-cfd","status":"publish","type":"post","link":"https:\/\/ewb.lu\/fr\/nei-kooperatioun-teschent-ewb-bistum-an-cfd\/","title":{"rendered":"Nei Kooperatioun t\u00ebschent EwB, Bistum an CFD"},"content":{"rendered":"<p>D\u2019EwB freet sech, dass de Bistum an den <a href=\"https:\/\/cfd.lu\">CFD<\/a> (Centre de Formation Dioc\u00e9sain Jean XXIII) d\u00e9i laangj\u00e4reg Kooperatioun mat der EwB fir dr\u00e4i weider Joer (2025-2027) vertraglech weiderf\u00e9ieren.<\/p>\n<p>D\u00ebst erm\u00e9iglecht \u00ebnner anerem d\u2019Organisatioun vum <em>EwB Bicherzelt<\/em> am Kader vun der Oktav souw\u00e9i eng Rei u gemeinsame Weiderbildungsformater an -inhalter. D\u2019Kooperatioun soll d\u2019Br\u00e9ckebildung t\u00ebschent Kierch, Relioun a Gesellschaft f\u00ebrderen, andeem se Debatten iwwert wichteg ethesch, \u00f6kologesch a sozial Froen duerch gemeinsam Aktivit\u00e9ite stimul\u00e9iert.<\/p>\n<p>Op der Foto ze gesinn (v.l.n.r.): Generalvikar Patrick Muller, CFD-Direktrice Ren\u00e9e Schmit a President vum EwB-Conseil Pit P\u00e9port\u00e9.<\/p>\n","protected":false},"excerpt":{"rendered":"<p>Vun 2025 bis 2027<\/p>\n","protected":false},"author":11,"featured_media":15876,"comment_status":"closed","ping_status":"closed","sticky":false,"template":"","format":"standard","meta":{"_acf_changed":false,"inline_featured_image":false,"footnotes":""},"categories":[176],"tags":[],"program":[],"class_list":["post-16152","post","type-post","status-publish","format-standard","has-post-thumbnail","hentry","category-unkategorisiert-fr"],"acf":[],"yoast_head":"<!-- This site is optimized with the Yoast SEO plugin v27.1.1 - https:\/\/yoast.com\/product\/yoast-seo-wordpress\/ -->\n<title>Nei Kooperatioun t\u00ebschent EwB, Bistum an CFD - EWB<\/title>\n<meta name=\"robots\" content=\"index, follow, max-snippet:-1, max-image-preview:large, max-video-preview:-1\" \/>\n<link rel=\"canonical\" href=\"https:\/\/ewb.lu\/fr\/nei-kooperatioun-teschent-ewb-bistum-an-cfd\/\" \/>\n<meta property=\"og:locale\" content=\"fr_FR\" \/>\n<meta property=\"og:type\" content=\"article\" \/>\n<meta property=\"og:title\" content=\"Nei Kooperatioun t\u00ebschent EwB, Bistum an CFD - EWB\" \/>\n<meta property=\"og:description\" content=\"Vun 2025 bis 2027\" \/>\n<meta property=\"og:url\" content=\"https:\/\/ewb.lu\/fr\/nei-kooperatioun-teschent-ewb-bistum-an-cfd\/\" \/>\n<meta property=\"og:site_name\" content=\"EWB\" \/>\n<meta property=\"article:publisher\" content=\"https:\/\/www.facebook.com\/ErwuesseBild\/\" \/>\n<meta property=\"article:published_time\" content=\"2025-04-29T08:43:44+00:00\" \/>\n<meta property=\"article:modified_time\" content=\"2025-05-13T11:22:14+00:00\" \/>\n<meta property=\"og:image\" content=\"https:\/\/ewb.lu\/wp-content\/uploads\/2025\/04\/thumbnail.jpeg\" \/>\n\t<meta property=\"og:image:width\" content=\"1080\" \/>\n\t<meta property=\"og:image:height\" content=\"810\" \/>\n\t<meta property=\"og:image:type\" content=\"image\/jpeg\" \/>\n<meta name=\"author\" content=\"Liz\" \/>\n<meta name=\"twitter:card\" content=\"summary_large_image\" \/>\n<meta name=\"twitter:label1\" content=\"\u00c9crit par\" \/>\n\t<meta name=\"twitter:data1\" content=\"Liz\" \/>\n\t<meta name=\"twitter:label2\" content=\"Dur\u00e9e de lecture estim\u00e9e\" \/>\n\t<meta name=\"twitter:data2\" content=\"1 minute\" \/>\n<script type=\"application\/ld+json\" class=\"yoast-schema-graph\">{\"@context\":\"https:\/\/schema.org\",\"@graph\":[{\"@type\":\"Article\",\"@id\":\"https:\/\/ewb.lu\/fr\/nei-kooperatioun-teschent-ewb-bistum-an-cfd\/#article\",\"isPartOf\":{\"@id\":\"https:\/\/ewb.lu\/fr\/nei-kooperatioun-teschent-ewb-bistum-an-cfd\/\"},\"author\":{\"name\":\"Liz\",\"@id\":\"https:\/\/ewb.lu\/fr\/#\/schema\/person\/864ab24526964163d0759e2cd4dd0cc7\"},\"headline\":\"Nei Kooperatioun t\u00ebschent EwB, Bistum an CFD\",\"datePublished\":\"2025-04-29T08:43:44+00:00\",\"dateModified\":\"2025-05-13T11:22:14+00:00\",\"mainEntityOfPage\":{\"@id\":\"https:\/\/ewb.lu\/fr\/nei-kooperatioun-teschent-ewb-bistum-an-cfd\/\"},\"wordCount\":120,\"publisher\":{\"@id\":\"https:\/\/ewb.lu\/fr\/#organization\"},\"image\":{\"@id\":\"https:\/\/ewb.lu\/fr\/nei-kooperatioun-teschent-ewb-bistum-an-cfd\/#primaryimage\"},\"thumbnailUrl\":\"https:\/\/ewb.lu\/wp-content\/uploads\/2025\/04\/thumbnail.jpeg\",\"articleSection\":[\"Unkategorisiert\"],\"inLanguage\":\"fr-FR\"},{\"@type\":\"WebPage\",\"@id\":\"https:\/\/ewb.lu\/fr\/nei-kooperatioun-teschent-ewb-bistum-an-cfd\/\",\"url\":\"https:\/\/ewb.lu\/fr\/nei-kooperatioun-teschent-ewb-bistum-an-cfd\/\",\"name\":\"Nei Kooperatioun t\u00ebschent EwB, Bistum an CFD - EWB\",\"isPartOf\":{\"@id\":\"https:\/\/ewb.lu\/fr\/#website\"},\"primaryImageOfPage\":{\"@id\":\"https:\/\/ewb.lu\/fr\/nei-kooperatioun-teschent-ewb-bistum-an-cfd\/#primaryimage\"},\"image\":{\"@id\":\"https:\/\/ewb.lu\/fr\/nei-kooperatioun-teschent-ewb-bistum-an-cfd\/#primaryimage\"},\"thumbnailUrl\":\"https:\/\/ewb.lu\/wp-content\/uploads\/2025\/04\/thumbnail.jpeg\",\"datePublished\":\"2025-04-29T08:43:44+00:00\",\"dateModified\":\"2025-05-13T11:22:14+00:00\",\"breadcrumb\":{\"@id\":\"https:\/\/ewb.lu\/fr\/nei-kooperatioun-teschent-ewb-bistum-an-cfd\/#breadcrumb\"},\"inLanguage\":\"fr-FR\",\"potentialAction\":[{\"@type\":\"ReadAction\",\"target\":[\"https:\/\/ewb.lu\/fr\/nei-kooperatioun-teschent-ewb-bistum-an-cfd\/\"]}]},{\"@type\":\"ImageObject\",\"inLanguage\":\"fr-FR\",\"@id\":\"https:\/\/ewb.lu\/fr\/nei-kooperatioun-teschent-ewb-bistum-an-cfd\/#primaryimage\",\"url\":\"https:\/\/ewb.lu\/wp-content\/uploads\/2025\/04\/thumbnail.jpeg\",\"contentUrl\":\"https:\/\/ewb.lu\/wp-content\/uploads\/2025\/04\/thumbnail.jpeg\",\"width\":1080,\"height\":810},{\"@type\":\"BreadcrumbList\",\"@id\":\"https:\/\/ewb.lu\/fr\/nei-kooperatioun-teschent-ewb-bistum-an-cfd\/#breadcrumb\",\"itemListElement\":[{\"@type\":\"ListItem\",\"position\":1,\"name\":\"Startseite\",\"item\":\"https:\/\/ewb.lu\/fr\/\"},{\"@type\":\"ListItem\",\"position\":2,\"name\":\"Nei Kooperatioun t\u00ebschent EwB, Bistum an CFD\"}]},{\"@type\":\"WebSite\",\"@id\":\"https:\/\/ewb.lu\/fr\/#website\",\"url\":\"https:\/\/ewb.lu\/fr\/\",\"name\":\"EwB ErwuesseBildung\",\"description\":\"ErwuesseBildung\",\"publisher\":{\"@id\":\"https:\/\/ewb.lu\/fr\/#organization\"},\"alternateName\":\"EWB\",\"potentialAction\":[{\"@type\":\"SearchAction\",\"target\":{\"@type\":\"EntryPoint\",\"urlTemplate\":\"https:\/\/ewb.lu\/fr\/?s={search_term_string}\"},\"query-input\":{\"@type\":\"PropertyValueSpecification\",\"valueRequired\":true,\"valueName\":\"search_term_string\"}}],\"inLanguage\":\"fr-FR\"},{\"@type\":\"Organization\",\"@id\":\"https:\/\/ewb.lu\/fr\/#organization\",\"name\":\"ErwuesseBildung Asbl\",\"alternateName\":\"EWB\",\"url\":\"https:\/\/ewb.lu\/fr\/\",\"logo\":{\"@type\":\"ImageObject\",\"inLanguage\":\"fr-FR\",\"@id\":\"https:\/\/ewb.lu\/fr\/#\/schema\/logo\/image\/\",\"url\":\"https:\/\/ewb.lu\/wp-content\/uploads\/2022\/11\/ewb-logo-header.svg\",\"contentUrl\":\"https:\/\/ewb.lu\/wp-content\/uploads\/2022\/11\/ewb-logo-header.svg\",\"width\":301,\"height\":38,\"caption\":\"ErwuesseBildung Asbl\"},\"image\":{\"@id\":\"https:\/\/ewb.lu\/fr\/#\/schema\/logo\/image\/\"},\"sameAs\":[\"https:\/\/www.facebook.com\/ErwuesseBild\/\",\"https:\/\/lu.linkedin.com\/company\/erwuessebildung---formation-dadultes\",\"https:\/\/www.instagram.com\/erwuessebildung_asbl\/\"]},{\"@type\":\"Person\",\"@id\":\"https:\/\/ewb.lu\/fr\/#\/schema\/person\/864ab24526964163d0759e2cd4dd0cc7\",\"name\":\"Liz\",\"image\":{\"@type\":\"ImageObject\",\"inLanguage\":\"fr-FR\",\"@id\":\"https:\/\/ewb.lu\/fr\/#\/schema\/person\/image\/\",\"url\":\"https:\/\/secure.gravatar.com\/avatar\/f22f977b836e02be8b80eb1c04ec22af7ea5b62d636682bc4c3197a817b4c066?s=96&d=mm&r=g\",\"contentUrl\":\"https:\/\/secure.gravatar.com\/avatar\/f22f977b836e02be8b80eb1c04ec22af7ea5b62d636682bc4c3197a817b4c066?s=96&d=mm&r=g\",\"caption\":\"Liz\"},\"url\":\"https:\/\/ewb.lu\/fr\/author\/liz\/\"}]}<\/script>\n<!-- \/ Yoast SEO plugin. -->","yoast_head_json":{"title":"Nei Kooperatioun t\u00ebschent EwB, Bistum an CFD - EWB","robots":{"index":"index","follow":"follow","max-snippet":"max-snippet:-1","max-image-preview":"max-image-preview:large","max-video-preview":"max-video-preview:-1"},"canonical":"https:\/\/ewb.lu\/fr\/nei-kooperatioun-teschent-ewb-bistum-an-cfd\/","og_locale":"fr_FR","og_type":"article","og_title":"Nei Kooperatioun t\u00ebschent EwB, Bistum an CFD - EWB","og_description":"Vun 2025 bis 2027","og_url":"https:\/\/ewb.lu\/fr\/nei-kooperatioun-teschent-ewb-bistum-an-cfd\/","og_site_name":"EWB","article_publisher":"https:\/\/www.facebook.com\/ErwuesseBild\/","article_published_time":"2025-04-29T08:43:44+00:00","article_modified_time":"2025-05-13T11:22:14+00:00","og_image":[{"width":1080,"height":810,"url":"https:\/\/ewb.lu\/wp-content\/uploads\/2025\/04\/thumbnail.jpeg","type":"image\/jpeg"}],"author":"Liz","twitter_card":"summary_large_image","twitter_misc":{"\u00c9crit par":"Liz","Dur\u00e9e de lecture estim\u00e9e":"1 minute"},"schema":{"@context":"https:\/\/schema.org","@graph":[{"@type":"Article","@id":"https:\/\/ewb.lu\/fr\/nei-kooperatioun-teschent-ewb-bistum-an-cfd\/#article","isPartOf":{"@id":"https:\/\/ewb.lu\/fr\/nei-kooperatioun-teschent-ewb-bistum-an-cfd\/"},"author":{"name":"Liz","@id":"https:\/\/ewb.lu\/fr\/#\/schema\/person\/864ab24526964163d0759e2cd4dd0cc7"},"headline":"Nei Kooperatioun t\u00ebschent EwB, Bistum an CFD","datePublished":"2025-04-29T08:43:44+00:00","dateModified":"2025-05-13T11:22:14+00:00","mainEntityOfPage":{"@id":"https:\/\/ewb.lu\/fr\/nei-kooperatioun-teschent-ewb-bistum-an-cfd\/"},"wordCount":120,"publisher":{"@id":"https:\/\/ewb.lu\/fr\/#organization"},"image":{"@id":"https:\/\/ewb.lu\/fr\/nei-kooperatioun-teschent-ewb-bistum-an-cfd\/#primaryimage"},"thumbnailUrl":"https:\/\/ewb.lu\/wp-content\/uploads\/2025\/04\/thumbnail.jpeg","articleSection":["Unkategorisiert"],"inLanguage":"fr-FR"},{"@type":"WebPage","@id":"https:\/\/ewb.lu\/fr\/nei-kooperatioun-teschent-ewb-bistum-an-cfd\/","url":"https:\/\/ewb.lu\/fr\/nei-kooperatioun-teschent-ewb-bistum-an-cfd\/","name":"Nei Kooperatioun t\u00ebschent EwB, Bistum an CFD - EWB","isPartOf":{"@id":"https:\/\/ewb.lu\/fr\/#website"},"primaryImageOfPage":{"@id":"https:\/\/ewb.lu\/fr\/nei-kooperatioun-teschent-ewb-bistum-an-cfd\/#primaryimage"},"image":{"@id":"https:\/\/ewb.lu\/fr\/nei-kooperatioun-teschent-ewb-bistum-an-cfd\/#primaryimage"},"thumbnailUrl":"https:\/\/ewb.lu\/wp-content\/uploads\/2025\/04\/thumbnail.jpeg","datePublished":"2025-04-29T08:43:44+00:00","dateModified":"2025-05-13T11:22:14+00:00","breadcrumb":{"@id":"https:\/\/ewb.lu\/fr\/nei-kooperatioun-teschent-ewb-bistum-an-cfd\/#breadcrumb"},"inLanguage":"fr-FR","potentialAction":[{"@type":"ReadAction","target":["https:\/\/ewb.lu\/fr\/nei-kooperatioun-teschent-ewb-bistum-an-cfd\/"]}]},{"@type":"ImageObject","inLanguage":"fr-FR","@id":"https:\/\/ewb.lu\/fr\/nei-kooperatioun-teschent-ewb-bistum-an-cfd\/#primaryimage","url":"https:\/\/ewb.lu\/wp-content\/uploads\/2025\/04\/thumbnail.jpeg","contentUrl":"https:\/\/ewb.lu\/wp-content\/uploads\/2025\/04\/thumbnail.jpeg","width":1080,"height":810},{"@type":"BreadcrumbList","@id":"https:\/\/ewb.lu\/fr\/nei-kooperatioun-teschent-ewb-bistum-an-cfd\/#breadcrumb","itemListElement":[{"@type":"ListItem","position":1,"name":"Startseite","item":"https:\/\/ewb.lu\/fr\/"},{"@type":"ListItem","position":2,"name":"Nei Kooperatioun t\u00ebschent EwB, Bistum an CFD"}]},{"@type":"WebSite","@id":"https:\/\/ewb.lu\/fr\/#website","url":"https:\/\/ewb.lu\/fr\/","name":"EwB ErwuesseBildung","description":"ErwuesseBildung","publisher":{"@id":"https:\/\/ewb.lu\/fr\/#organization"},"alternateName":"EWB","potentialAction":[{"@type":"SearchAction","target":{"@type":"EntryPoint","urlTemplate":"https:\/\/ewb.lu\/fr\/?s={search_term_string}"},"query-input":{"@type":"PropertyValueSpecification","valueRequired":true,"valueName":"search_term_string"}}],"inLanguage":"fr-FR"},{"@type":"Organization","@id":"https:\/\/ewb.lu\/fr\/#organization","name":"ErwuesseBildung Asbl","alternateName":"EWB","url":"https:\/\/ewb.lu\/fr\/","logo":{"@type":"ImageObject","inLanguage":"fr-FR","@id":"https:\/\/ewb.lu\/fr\/#\/schema\/logo\/image\/","url":"https:\/\/ewb.lu\/wp-content\/uploads\/2022\/11\/ewb-logo-header.svg","contentUrl":"https:\/\/ewb.lu\/wp-content\/uploads\/2022\/11\/ewb-logo-header.svg","width":301,"height":38,"caption":"ErwuesseBildung Asbl"},"image":{"@id":"https:\/\/ewb.lu\/fr\/#\/schema\/logo\/image\/"},"sameAs":["https:\/\/www.facebook.com\/ErwuesseBild\/","https:\/\/lu.linkedin.com\/company\/erwuessebildung---formation-dadultes","https:\/\/www.instagram.com\/erwuessebildung_asbl\/"]},{"@type":"Person","@id":"https:\/\/ewb.lu\/fr\/#\/schema\/person\/864ab24526964163d0759e2cd4dd0cc7","name":"Liz","image":{"@type":"ImageObject","inLanguage":"fr-FR","@id":"https:\/\/ewb.lu\/fr\/#\/schema\/person\/image\/","url":"https:\/\/secure.gravatar.com\/avatar\/f22f977b836e02be8b80eb1c04ec22af7ea5b62d636682bc4c3197a817b4c066?s=96&d=mm&r=g","contentUrl":"https:\/\/secure.gravatar.com\/avatar\/f22f977b836e02be8b80eb1c04ec22af7ea5b62d636682bc4c3197a817b4c066?s=96&d=mm&r=g","caption":"Liz"},"url":"https:\/\/ewb.lu\/fr\/author\/liz\/"}]}},"_links":{"self":[{"href":"https:\/\/ewb.lu\/fr\/wp-json\/wp\/v2\/posts\/16152","targetHints":{"allow":["GET"]}}],"collection":[{"href":"https:\/\/ewb.lu\/fr\/wp-json\/wp\/v2\/posts"}],"about":[{"href":"https:\/\/ewb.lu\/fr\/wp-json\/wp\/v2\/types\/post"}],"author":[{"embeddable":true,"href":"https:\/\/ewb.lu\/fr\/wp-json\/wp\/v2\/users\/11"}],"replies":[{"embeddable":true,"href":"https:\/\/ewb.lu\/fr\/wp-json\/wp\/v2\/comments?post=16152"}],"version-history":[{"count":1,"href":"https:\/\/ewb.lu\/fr\/wp-json\/wp\/v2\/posts\/16152\/revisions"}],"predecessor-version":[{"id":16154,"href":"https:\/\/ewb.lu\/fr\/wp-json\/wp\/v2\/posts\/16152\/revisions\/16154"}],"wp:featuredmedia":[{"embeddable":true,"href":"https:\/\/ewb.lu\/fr\/wp-json\/wp\/v2\/media\/15876"}],"wp:attachment":[{"href":"https:\/\/ewb.lu\/fr\/wp-json\/wp\/v2\/media?parent=16152"}],"wp:term":[{"taxonomy":"category","embeddable":true,"href":"https:\/\/ewb.lu\/fr\/wp-json\/wp\/v2\/categories?post=16152"},{"taxonomy":"post_tag","embeddable":true,"href":"https:\/\/ewb.lu\/fr\/wp-json\/wp\/v2\/tags?post=16152"},{"taxonomy":"program","embeddable":true,"href":"https:\/\/ewb.lu\/fr\/wp-json\/wp\/v2\/program?post=16152"}],"curies":[{"name":"wp","href":"https:\/\/api.w.org\/{rel}","templated":true}]}}