{"id":3277,"date":"2022-12-06T13:38:55","date_gmt":"2022-12-06T12:38:55","guid":{"rendered":"https:\/\/ewb.cuco.dev\/ewb-gastredner-prof-julian-nida-ruemelin-im-rtl-interview\/"},"modified":"2022-12-06T13:38:55","modified_gmt":"2022-12-06T12:38:55","slug":"ewb-gastredner-prof-julian-nida-ruemelin-im-rtl-interview","status":"publish","type":"post","link":"https:\/\/ewb.lu\/fr\/ewb-gastredner-prof-julian-nida-ruemelin-im-rtl-interview\/","title":{"rendered":"EwB-Gastredner Prof. Julian Nida-R\u00fcmelin im RTL-Interview"},"content":{"rendered":"<p><strong>Mit einem feierlichen Rundtischgespr\u00e4ch zum Thema \u00ab\u00a0Bildung in der ErwuesseBildung\u00a0\u00bb hat die EwB k\u00fcrzlich ihr 50-j\u00e4hriges Bestehen gefeiert.<\/strong> Professor Julian Nida-R\u00fcmelin, einer der f\u00fchrenden deutschen Intellektuellen, geh\u00f6rte zu den Rednern auf der Veranstaltung. RTL T\u00e9l\u00e9 L\u00ebtzebuerg hat mit ihm ein ausf\u00fchrliches Interview \u00fcber Aktualit\u00e4tsfragen und Moral gef\u00fchrt.<\/p>\n<p>Eine Kurzversion des Interviews wurde am 20. Dezember in der Sendung \u00ab\u00a0De Journal\u00a0\u00bb ver\u00f6ffentlicht. Eine lange Interview-Version ist auf der Webseite von RTL zu finden.<\/p>\n<div><strong>Hier finden Sie das RTL-Interview:<\/strong> <a href=\"https:\/\/www.rtl.lu\/news\/national\/a\/2006057.html\">https:\/\/www.rtl.lu\/news\/national\/a\/2006057.html<\/a><\/div>\n","protected":false},"excerpt":{"rendered":"<p>Mit einem feierlichen Rundtischgespr\u00e4ch zum Thema \u00ab\u00a0Bildung in der ErwuesseBildung\u00a0\u00bb hat die EwB k\u00fcrzlich ihr 50-j\u00e4hriges Bestehen gefeiert.<\/p>\n","protected":false},"author":11,"featured_media":1496,"comment_status":"open","ping_status":"closed","sticky":false,"template":"","format":"standard","meta":{"_acf_changed":false,"inline_featured_image":false,"footnotes":""},"categories":[176],"tags":[],"program":[],"class_list":["post-3277","post","type-post","status-publish","format-standard","has-post-thumbnail","hentry","category-unkategorisiert-fr"],"acf":[],"yoast_head":"<!-- This site is optimized with the Yoast SEO plugin v27.1.1 - https:\/\/yoast.com\/product\/yoast-seo-wordpress\/ -->\n<title>EwB-Gastredner Prof. Julian Nida-R\u00fcmelin im RTL-Interview - EWB<\/title>\n<meta name=\"robots\" content=\"index, follow, max-snippet:-1, max-image-preview:large, max-video-preview:-1\" \/>\n<link rel=\"canonical\" href=\"https:\/\/ewb.lu\/fr\/ewb-gastredner-prof-julian-nida-ruemelin-im-rtl-interview\/\" \/>\n<meta property=\"og:locale\" content=\"fr_FR\" \/>\n<meta property=\"og:type\" content=\"article\" \/>\n<meta property=\"og:title\" content=\"EwB-Gastredner Prof. Julian Nida-R\u00fcmelin im RTL-Interview - EWB\" \/>\n<meta property=\"og:description\" content=\"Mit einem feierlichen Rundtischgespr\u00e4ch zum Thema &quot;Bildung in der ErwuesseBildung&quot; hat die EwB k\u00fcrzlich ihr 50-j\u00e4hriges Bestehen gefeiert.\" \/>\n<meta property=\"og:url\" content=\"https:\/\/ewb.lu\/fr\/ewb-gastredner-prof-julian-nida-ruemelin-im-rtl-interview\/\" \/>\n<meta property=\"og:site_name\" content=\"EWB\" \/>\n<meta property=\"article:publisher\" content=\"https:\/\/www.facebook.com\/ErwuesseBild\/\" \/>\n<meta property=\"article:published_time\" content=\"2022-12-06T12:38:55+00:00\" \/>\n<meta property=\"og:image\" content=\"https:\/\/ewb.lu\/wp-content\/uploads\/2023\/02\/k.jpeg\" \/>\n\t<meta property=\"og:image:width\" content=\"2450\" \/>\n\t<meta property=\"og:image:height\" content=\"1913\" \/>\n\t<meta property=\"og:image:type\" content=\"image\/jpeg\" \/>\n<meta name=\"author\" content=\"Liz\" \/>\n<meta name=\"twitter:card\" content=\"summary_large_image\" \/>\n<meta name=\"twitter:label1\" content=\"\u00c9crit par\" \/>\n\t<meta name=\"twitter:data1\" content=\"Liz\" \/>\n<script type=\"application\/ld+json\" class=\"yoast-schema-graph\">{\"@context\":\"https:\/\/schema.org\",\"@graph\":[{\"@type\":\"Article\",\"@id\":\"https:\/\/ewb.lu\/fr\/ewb-gastredner-prof-julian-nida-ruemelin-im-rtl-interview\/#article\",\"isPartOf\":{\"@id\":\"https:\/\/ewb.lu\/fr\/ewb-gastredner-prof-julian-nida-ruemelin-im-rtl-interview\/\"},\"author\":{\"name\":\"Liz\",\"@id\":\"https:\/\/ewb.lu\/fr\/#\/schema\/person\/864ab24526964163d0759e2cd4dd0cc7\"},\"headline\":\"EwB-Gastredner Prof. Julian Nida-R\u00fcmelin im RTL-Interview\",\"datePublished\":\"2022-12-06T12:38:55+00:00\",\"mainEntityOfPage\":{\"@id\":\"https:\/\/ewb.lu\/fr\/ewb-gastredner-prof-julian-nida-ruemelin-im-rtl-interview\/\"},\"wordCount\":103,\"commentCount\":0,\"publisher\":{\"@id\":\"https:\/\/ewb.lu\/fr\/#organization\"},\"image\":{\"@id\":\"https:\/\/ewb.lu\/fr\/ewb-gastredner-prof-julian-nida-ruemelin-im-rtl-interview\/#primaryimage\"},\"thumbnailUrl\":\"https:\/\/ewb.lu\/wp-content\/uploads\/2023\/02\/k.jpeg\",\"articleSection\":[\"Unkategorisiert\"],\"inLanguage\":\"fr-FR\",\"potentialAction\":[{\"@type\":\"CommentAction\",\"name\":\"Comment\",\"target\":[\"https:\/\/ewb.lu\/fr\/ewb-gastredner-prof-julian-nida-ruemelin-im-rtl-interview\/#respond\"]}]},{\"@type\":\"WebPage\",\"@id\":\"https:\/\/ewb.lu\/fr\/ewb-gastredner-prof-julian-nida-ruemelin-im-rtl-interview\/\",\"url\":\"https:\/\/ewb.lu\/fr\/ewb-gastredner-prof-julian-nida-ruemelin-im-rtl-interview\/\",\"name\":\"EwB-Gastredner Prof. Julian Nida-R\u00fcmelin im RTL-Interview - EWB\",\"isPartOf\":{\"@id\":\"https:\/\/ewb.lu\/fr\/#website\"},\"primaryImageOfPage\":{\"@id\":\"https:\/\/ewb.lu\/fr\/ewb-gastredner-prof-julian-nida-ruemelin-im-rtl-interview\/#primaryimage\"},\"image\":{\"@id\":\"https:\/\/ewb.lu\/fr\/ewb-gastredner-prof-julian-nida-ruemelin-im-rtl-interview\/#primaryimage\"},\"thumbnailUrl\":\"https:\/\/ewb.lu\/wp-content\/uploads\/2023\/02\/k.jpeg\",\"datePublished\":\"2022-12-06T12:38:55+00:00\",\"breadcrumb\":{\"@id\":\"https:\/\/ewb.lu\/fr\/ewb-gastredner-prof-julian-nida-ruemelin-im-rtl-interview\/#breadcrumb\"},\"inLanguage\":\"fr-FR\",\"potentialAction\":[{\"@type\":\"ReadAction\",\"target\":[\"https:\/\/ewb.lu\/fr\/ewb-gastredner-prof-julian-nida-ruemelin-im-rtl-interview\/\"]}]},{\"@type\":\"ImageObject\",\"inLanguage\":\"fr-FR\",\"@id\":\"https:\/\/ewb.lu\/fr\/ewb-gastredner-prof-julian-nida-ruemelin-im-rtl-interview\/#primaryimage\",\"url\":\"https:\/\/ewb.lu\/wp-content\/uploads\/2023\/02\/k.jpeg\",\"contentUrl\":\"https:\/\/ewb.lu\/wp-content\/uploads\/2023\/02\/k.jpeg\",\"width\":2450,\"height\":1913},{\"@type\":\"BreadcrumbList\",\"@id\":\"https:\/\/ewb.lu\/fr\/ewb-gastredner-prof-julian-nida-ruemelin-im-rtl-interview\/#breadcrumb\",\"itemListElement\":[{\"@type\":\"ListItem\",\"position\":1,\"name\":\"Startseite\",\"item\":\"https:\/\/ewb.lu\/fr\/\"},{\"@type\":\"ListItem\",\"position\":2,\"name\":\"EwB-Gastredner Prof. Julian Nida-R\u00fcmelin im RTL-Interview\"}]},{\"@type\":\"WebSite\",\"@id\":\"https:\/\/ewb.lu\/fr\/#website\",\"url\":\"https:\/\/ewb.lu\/fr\/\",\"name\":\"EwB ErwuesseBildung\",\"description\":\"ErwuesseBildung\",\"publisher\":{\"@id\":\"https:\/\/ewb.lu\/fr\/#organization\"},\"alternateName\":\"EWB\",\"potentialAction\":[{\"@type\":\"SearchAction\",\"target\":{\"@type\":\"EntryPoint\",\"urlTemplate\":\"https:\/\/ewb.lu\/fr\/?s={search_term_string}\"},\"query-input\":{\"@type\":\"PropertyValueSpecification\",\"valueRequired\":true,\"valueName\":\"search_term_string\"}}],\"inLanguage\":\"fr-FR\"},{\"@type\":\"Organization\",\"@id\":\"https:\/\/ewb.lu\/fr\/#organization\",\"name\":\"ErwuesseBildung Asbl\",\"alternateName\":\"EWB\",\"url\":\"https:\/\/ewb.lu\/fr\/\",\"logo\":{\"@type\":\"ImageObject\",\"inLanguage\":\"fr-FR\",\"@id\":\"https:\/\/ewb.lu\/fr\/#\/schema\/logo\/image\/\",\"url\":\"https:\/\/ewb.lu\/wp-content\/uploads\/2022\/11\/ewb-logo-header.svg\",\"contentUrl\":\"https:\/\/ewb.lu\/wp-content\/uploads\/2022\/11\/ewb-logo-header.svg\",\"width\":301,\"height\":38,\"caption\":\"ErwuesseBildung Asbl\"},\"image\":{\"@id\":\"https:\/\/ewb.lu\/fr\/#\/schema\/logo\/image\/\"},\"sameAs\":[\"https:\/\/www.facebook.com\/ErwuesseBild\/\",\"https:\/\/lu.linkedin.com\/company\/erwuessebildung---formation-dadultes\",\"https:\/\/www.instagram.com\/erwuessebildung_asbl\/\"]},{\"@type\":\"Person\",\"@id\":\"https:\/\/ewb.lu\/fr\/#\/schema\/person\/864ab24526964163d0759e2cd4dd0cc7\",\"name\":\"Liz\",\"image\":{\"@type\":\"ImageObject\",\"inLanguage\":\"fr-FR\",\"@id\":\"https:\/\/ewb.lu\/fr\/#\/schema\/person\/image\/\",\"url\":\"https:\/\/secure.gravatar.com\/avatar\/f22f977b836e02be8b80eb1c04ec22af7ea5b62d636682bc4c3197a817b4c066?s=96&d=mm&r=g\",\"contentUrl\":\"https:\/\/secure.gravatar.com\/avatar\/f22f977b836e02be8b80eb1c04ec22af7ea5b62d636682bc4c3197a817b4c066?s=96&d=mm&r=g\",\"caption\":\"Liz\"},\"url\":\"https:\/\/ewb.lu\/fr\/author\/liz\/\"}]}<\/script>\n<!-- \/ Yoast SEO plugin. -->","yoast_head_json":{"title":"EwB-Gastredner Prof. Julian Nida-R\u00fcmelin im RTL-Interview - EWB","robots":{"index":"index","follow":"follow","max-snippet":"max-snippet:-1","max-image-preview":"max-image-preview:large","max-video-preview":"max-video-preview:-1"},"canonical":"https:\/\/ewb.lu\/fr\/ewb-gastredner-prof-julian-nida-ruemelin-im-rtl-interview\/","og_locale":"fr_FR","og_type":"article","og_title":"EwB-Gastredner Prof. Julian Nida-R\u00fcmelin im RTL-Interview - EWB","og_description":"Mit einem feierlichen Rundtischgespr\u00e4ch zum Thema \"Bildung in der ErwuesseBildung\" hat die EwB k\u00fcrzlich ihr 50-j\u00e4hriges Bestehen gefeiert.","og_url":"https:\/\/ewb.lu\/fr\/ewb-gastredner-prof-julian-nida-ruemelin-im-rtl-interview\/","og_site_name":"EWB","article_publisher":"https:\/\/www.facebook.com\/ErwuesseBild\/","article_published_time":"2022-12-06T12:38:55+00:00","og_image":[{"width":2450,"height":1913,"url":"https:\/\/ewb.lu\/wp-content\/uploads\/2023\/02\/k.jpeg","type":"image\/jpeg"}],"author":"Liz","twitter_card":"summary_large_image","twitter_misc":{"\u00c9crit par":"Liz"},"schema":{"@context":"https:\/\/schema.org","@graph":[{"@type":"Article","@id":"https:\/\/ewb.lu\/fr\/ewb-gastredner-prof-julian-nida-ruemelin-im-rtl-interview\/#article","isPartOf":{"@id":"https:\/\/ewb.lu\/fr\/ewb-gastredner-prof-julian-nida-ruemelin-im-rtl-interview\/"},"author":{"name":"Liz","@id":"https:\/\/ewb.lu\/fr\/#\/schema\/person\/864ab24526964163d0759e2cd4dd0cc7"},"headline":"EwB-Gastredner Prof. Julian Nida-R\u00fcmelin im RTL-Interview","datePublished":"2022-12-06T12:38:55+00:00","mainEntityOfPage":{"@id":"https:\/\/ewb.lu\/fr\/ewb-gastredner-prof-julian-nida-ruemelin-im-rtl-interview\/"},"wordCount":103,"commentCount":0,"publisher":{"@id":"https:\/\/ewb.lu\/fr\/#organization"},"image":{"@id":"https:\/\/ewb.lu\/fr\/ewb-gastredner-prof-julian-nida-ruemelin-im-rtl-interview\/#primaryimage"},"thumbnailUrl":"https:\/\/ewb.lu\/wp-content\/uploads\/2023\/02\/k.jpeg","articleSection":["Unkategorisiert"],"inLanguage":"fr-FR","potentialAction":[{"@type":"CommentAction","name":"Comment","target":["https:\/\/ewb.lu\/fr\/ewb-gastredner-prof-julian-nida-ruemelin-im-rtl-interview\/#respond"]}]},{"@type":"WebPage","@id":"https:\/\/ewb.lu\/fr\/ewb-gastredner-prof-julian-nida-ruemelin-im-rtl-interview\/","url":"https:\/\/ewb.lu\/fr\/ewb-gastredner-prof-julian-nida-ruemelin-im-rtl-interview\/","name":"EwB-Gastredner Prof. Julian Nida-R\u00fcmelin im RTL-Interview - EWB","isPartOf":{"@id":"https:\/\/ewb.lu\/fr\/#website"},"primaryImageOfPage":{"@id":"https:\/\/ewb.lu\/fr\/ewb-gastredner-prof-julian-nida-ruemelin-im-rtl-interview\/#primaryimage"},"image":{"@id":"https:\/\/ewb.lu\/fr\/ewb-gastredner-prof-julian-nida-ruemelin-im-rtl-interview\/#primaryimage"},"thumbnailUrl":"https:\/\/ewb.lu\/wp-content\/uploads\/2023\/02\/k.jpeg","datePublished":"2022-12-06T12:38:55+00:00","breadcrumb":{"@id":"https:\/\/ewb.lu\/fr\/ewb-gastredner-prof-julian-nida-ruemelin-im-rtl-interview\/#breadcrumb"},"inLanguage":"fr-FR","potentialAction":[{"@type":"ReadAction","target":["https:\/\/ewb.lu\/fr\/ewb-gastredner-prof-julian-nida-ruemelin-im-rtl-interview\/"]}]},{"@type":"ImageObject","inLanguage":"fr-FR","@id":"https:\/\/ewb.lu\/fr\/ewb-gastredner-prof-julian-nida-ruemelin-im-rtl-interview\/#primaryimage","url":"https:\/\/ewb.lu\/wp-content\/uploads\/2023\/02\/k.jpeg","contentUrl":"https:\/\/ewb.lu\/wp-content\/uploads\/2023\/02\/k.jpeg","width":2450,"height":1913},{"@type":"BreadcrumbList","@id":"https:\/\/ewb.lu\/fr\/ewb-gastredner-prof-julian-nida-ruemelin-im-rtl-interview\/#breadcrumb","itemListElement":[{"@type":"ListItem","position":1,"name":"Startseite","item":"https:\/\/ewb.lu\/fr\/"},{"@type":"ListItem","position":2,"name":"EwB-Gastredner Prof. Julian Nida-R\u00fcmelin im RTL-Interview"}]},{"@type":"WebSite","@id":"https:\/\/ewb.lu\/fr\/#website","url":"https:\/\/ewb.lu\/fr\/","name":"EwB ErwuesseBildung","description":"ErwuesseBildung","publisher":{"@id":"https:\/\/ewb.lu\/fr\/#organization"},"alternateName":"EWB","potentialAction":[{"@type":"SearchAction","target":{"@type":"EntryPoint","urlTemplate":"https:\/\/ewb.lu\/fr\/?s={search_term_string}"},"query-input":{"@type":"PropertyValueSpecification","valueRequired":true,"valueName":"search_term_string"}}],"inLanguage":"fr-FR"},{"@type":"Organization","@id":"https:\/\/ewb.lu\/fr\/#organization","name":"ErwuesseBildung Asbl","alternateName":"EWB","url":"https:\/\/ewb.lu\/fr\/","logo":{"@type":"ImageObject","inLanguage":"fr-FR","@id":"https:\/\/ewb.lu\/fr\/#\/schema\/logo\/image\/","url":"https:\/\/ewb.lu\/wp-content\/uploads\/2022\/11\/ewb-logo-header.svg","contentUrl":"https:\/\/ewb.lu\/wp-content\/uploads\/2022\/11\/ewb-logo-header.svg","width":301,"height":38,"caption":"ErwuesseBildung Asbl"},"image":{"@id":"https:\/\/ewb.lu\/fr\/#\/schema\/logo\/image\/"},"sameAs":["https:\/\/www.facebook.com\/ErwuesseBild\/","https:\/\/lu.linkedin.com\/company\/erwuessebildung---formation-dadultes","https:\/\/www.instagram.com\/erwuessebildung_asbl\/"]},{"@type":"Person","@id":"https:\/\/ewb.lu\/fr\/#\/schema\/person\/864ab24526964163d0759e2cd4dd0cc7","name":"Liz","image":{"@type":"ImageObject","inLanguage":"fr-FR","@id":"https:\/\/ewb.lu\/fr\/#\/schema\/person\/image\/","url":"https:\/\/secure.gravatar.com\/avatar\/f22f977b836e02be8b80eb1c04ec22af7ea5b62d636682bc4c3197a817b4c066?s=96&d=mm&r=g","contentUrl":"https:\/\/secure.gravatar.com\/avatar\/f22f977b836e02be8b80eb1c04ec22af7ea5b62d636682bc4c3197a817b4c066?s=96&d=mm&r=g","caption":"Liz"},"url":"https:\/\/ewb.lu\/fr\/author\/liz\/"}]}},"_links":{"self":[{"href":"https:\/\/ewb.lu\/fr\/wp-json\/wp\/v2\/posts\/3277","targetHints":{"allow":["GET"]}}],"collection":[{"href":"https:\/\/ewb.lu\/fr\/wp-json\/wp\/v2\/posts"}],"about":[{"href":"https:\/\/ewb.lu\/fr\/wp-json\/wp\/v2\/types\/post"}],"author":[{"embeddable":true,"href":"https:\/\/ewb.lu\/fr\/wp-json\/wp\/v2\/users\/11"}],"replies":[{"embeddable":true,"href":"https:\/\/ewb.lu\/fr\/wp-json\/wp\/v2\/comments?post=3277"}],"version-history":[{"count":0,"href":"https:\/\/ewb.lu\/fr\/wp-json\/wp\/v2\/posts\/3277\/revisions"}],"wp:featuredmedia":[{"embeddable":true,"href":"https:\/\/ewb.lu\/fr\/wp-json\/wp\/v2\/media\/1496"}],"wp:attachment":[{"href":"https:\/\/ewb.lu\/fr\/wp-json\/wp\/v2\/media?parent=3277"}],"wp:term":[{"taxonomy":"category","embeddable":true,"href":"https:\/\/ewb.lu\/fr\/wp-json\/wp\/v2\/categories?post=3277"},{"taxonomy":"post_tag","embeddable":true,"href":"https:\/\/ewb.lu\/fr\/wp-json\/wp\/v2\/tags?post=3277"},{"taxonomy":"program","embeddable":true,"href":"https:\/\/ewb.lu\/fr\/wp-json\/wp\/v2\/program?post=3277"}],"curies":[{"name":"wp","href":"https:\/\/api.w.org\/{rel}","templated":true}]}}