{"id":5863,"date":"2023-07-20T12:42:53","date_gmt":"2023-07-20T11:42:53","guid":{"rendered":"https:\/\/ewb.lu\/?p=5863"},"modified":"2023-07-26T12:39:47","modified_gmt":"2023-07-26T11:39:47","slug":"neue-eventreihe-ab-in-die-natur","status":"publish","type":"post","link":"https:\/\/ewb.lu\/fr\/neue-eventreihe-ab-in-die-natur\/","title":{"rendered":"Neue Eventreihe: \u00ab\u00a0Ab in die Natur!\u00a0\u00bb"},"content":{"rendered":"<section class=\"wpb-content-wrapper\"><p>[vc_row][vc_column][vc_column_text]<\/p>\n<h3><span style=\"color: #ff9900;\"><strong>Aktivit\u00e4ten im Freien f\u00fcr Kinder und ihre Gro\u00dfeltern<\/strong><\/span><\/h3>\n<p><span lang=\"DE-CH\">Mit den Enkeln gemeinsame Zeit im Wald verbringen? <\/span><\/p>\n<p><strong>Die Natur ist ein toller Lernraum f\u00fcr Kinder.<\/strong> Hier k\u00f6nnen sie sich ausprobieren, Dinge erleben, die es in der Stadt nicht zu erfahren gibt und ein Bewusstsein f\u00fcr die Umwelt aufbauen. <span lang=\"DE-CH\"><strong>Jeden zweiten Dienstagnachmittag im Monat<\/strong> geht es nun f\u00fcr Kinder im Alter von 5-7 Jahren mit den Gro\u00dfeltern in die Natur. Dort gibt es <strong>viel zu entdecken<\/strong>. Gemeinsam wird gespielt, sich bewegt, entspannt und die Natur mit allen Sinnen wahrgenommen. Nebenbei lernen Gro\u00df und Klein etwas \u00fcber die heimische Tier- und Pflanzenwelt. <\/span><\/p>\n<p style=\"text-align: left;\"><span lang=\"DE-CH\">Treffpunkt ist P+R Kockelscheuer.<\/span><\/p>\n<p>&nbsp;<\/p>\n<p><em>A Cooperatioun mam <a href=\"https:\/\/eltereforum.lu\/fr\/\">Eltereforum<\/a>, mat der \u00cbnnerst\u00ebtzung vum <a href=\"https:\/\/menej.gouvernement.lu\/fr.html\">MENJE<\/a>.<\/em>[\/vc_column_text][vc_separator color=\u00a0\u00bbviolet\u00a0\u00bb][\/vc_column][\/vc_row][vc_row][vc_column][vc_column_text]<\/p>\n<h4><span style=\"color: #ff9900;\"><strong>Termine:\u00a0<\/strong><\/span><\/h4>\n<ul>\n<li>26\/09\/23: <a href=\"https:\/\/ewb.lu\/event\/ab-in-die-natur\/\">Wie klingt der Wald?<\/a><\/li>\n<li>10\/10\/23: <a href=\"https:\/\/ewb.lu\/event\/ab-in-die-natur-2\/\">Welche Farben hat der Wald?<\/a><\/li>\n<li>24\/10\/23: <a href=\"https:\/\/ewb.lu\/event\/ab-in-die-natur-3\/\">Zu Besuch bei den Wichteln<\/a><\/li>\n<li>07\/11\/23: <a href=\"https:\/\/ewb.lu\/event\/ab-in-die-natur-4\/\">Wie verbringen die Tiere den Winter?<\/a><\/li>\n<\/ul>\n<p>&nbsp;<\/p>\n<ul>\n<li>16\/12\/23: <a href=\"https:\/\/ewb.lu\/ku-ki-li-ko-kreative-aktivitaeten-fuer-ihre-kinder\/\"><em>Ku-Ki-Li-Co<\/em><\/a>\u00a0und\u00a0<em>Ab in die Natur!\u00a0<\/em>: <a href=\"https:\/\/ewb.lu\/event\/weihnachtsfest\/\">Weihnachtsfest<\/a><\/li>\n<\/ul>\n<p>&nbsp;<\/p>\n<p style=\"font-weight: 400;\">Die <em>Ab in die Natur!<\/em> &#8211; Aktivit\u00e4ten k\u00f6nnen auch mit dem\u00a0<a href=\"https:\/\/www.kulturpass.lu\/de\/\">Kulturpass<\/a>\u00a0besucht werden.<\/p>\n<p>&nbsp;<\/p>\n<p style=\"text-align: center;\"><span style=\"color: #ff9900;\"><strong>F\u00fcr mehr Informationen: i&#110;&#x66;&#x6f;&#64;&#101;&#x77;&#x62;&#46;&#108;&#117;<\/strong><\/span><\/p>\n<p>[\/vc_column_text][\/vc_column][\/vc_row]<\/p>\n<\/section>","protected":false},"excerpt":{"rendered":"<p>Aktivit\u00e4ten im Freien f\u00fcr Kinder und ihre Gro\u00dfeltern<\/p>\n","protected":false},"author":11,"featured_media":5868,"comment_status":"closed","ping_status":"closed","sticky":false,"template":"","format":"standard","meta":{"_acf_changed":false,"inline_featured_image":false,"footnotes":""},"categories":[1],"tags":[],"program":[36],"class_list":["post-5863","post","type-post","status-publish","format-standard","has-post-thumbnail","hentry","category-unkategorisiert","program-growing-together"],"acf":[],"yoast_head":"<!-- This site is optimized with the Yoast SEO plugin v27.1.1 - https:\/\/yoast.com\/product\/yoast-seo-wordpress\/ -->\n<title>Neue Eventreihe: &quot;Ab in die Natur!&quot;<\/title>\n<meta name=\"description\" content=\"Mit den Enkeln gemeinsame Zeit im Wald verbringen? Die Natur ist ein toller Lernraum f\u00fcr Kinder. Dort gibt es viel zu entdecken.\" \/>\n<meta name=\"robots\" content=\"index, follow, max-snippet:-1, max-image-preview:large, max-video-preview:-1\" \/>\n<link rel=\"canonical\" href=\"https:\/\/ewb.lu\/fr\/neue-eventreihe-ab-in-die-natur\/\" \/>\n<meta property=\"og:locale\" content=\"fr_FR\" \/>\n<meta property=\"og:type\" content=\"article\" \/>\n<meta property=\"og:title\" content=\"Neue Eventreihe: &quot;Ab in die Natur!&quot;\" \/>\n<meta property=\"og:description\" content=\"Mit den Enkeln gemeinsame Zeit im Wald verbringen? Die Natur ist ein toller Lernraum f\u00fcr Kinder.\" \/>\n<meta property=\"og:url\" content=\"https:\/\/ewb.lu\/fr\/neue-eventreihe-ab-in-die-natur\/\" \/>\n<meta property=\"og:site_name\" content=\"EWB\" \/>\n<meta property=\"article:publisher\" content=\"https:\/\/www.facebook.com\/ErwuesseBild\/\" \/>\n<meta property=\"article:published_time\" content=\"2023-07-20T11:42:53+00:00\" \/>\n<meta property=\"article:modified_time\" content=\"2023-07-26T11:39:47+00:00\" \/>\n<meta property=\"og:image\" content=\"https:\/\/ewb.lu\/wp-content\/uploads\/2023\/07\/Ab-in-die-Natur.jpg\" \/>\n\t<meta property=\"og:image:width\" content=\"1414\" \/>\n\t<meta property=\"og:image:height\" content=\"2000\" \/>\n\t<meta property=\"og:image:type\" content=\"image\/jpeg\" \/>\n<meta name=\"author\" content=\"Liz\" \/>\n<meta name=\"twitter:card\" content=\"summary_large_image\" \/>\n<meta name=\"twitter:label1\" content=\"\u00c9crit par\" \/>\n\t<meta name=\"twitter:data1\" content=\"Liz\" \/>\n\t<meta name=\"twitter:label2\" content=\"Dur\u00e9e de lecture estim\u00e9e\" \/>\n\t<meta name=\"twitter:data2\" content=\"1 minute\" \/>\n<script type=\"application\/ld+json\" class=\"yoast-schema-graph\">{\"@context\":\"https:\/\/schema.org\",\"@graph\":[{\"@type\":\"Article\",\"@id\":\"https:\/\/ewb.lu\/fr\/neue-eventreihe-ab-in-die-natur\/#article\",\"isPartOf\":{\"@id\":\"https:\/\/ewb.lu\/fr\/neue-eventreihe-ab-in-die-natur\/\"},\"author\":{\"name\":\"Liz\",\"@id\":\"https:\/\/ewb.lu\/fr\/#\/schema\/person\/864ab24526964163d0759e2cd4dd0cc7\"},\"headline\":\"Neue Eventreihe: \u00ab\u00a0Ab in die Natur!\u00a0\u00bb\",\"datePublished\":\"2023-07-20T11:42:53+00:00\",\"dateModified\":\"2023-07-26T11:39:47+00:00\",\"mainEntityOfPage\":{\"@id\":\"https:\/\/ewb.lu\/fr\/neue-eventreihe-ab-in-die-natur\/\"},\"wordCount\":215,\"publisher\":{\"@id\":\"https:\/\/ewb.lu\/fr\/#organization\"},\"image\":{\"@id\":\"https:\/\/ewb.lu\/fr\/neue-eventreihe-ab-in-die-natur\/#primaryimage\"},\"thumbnailUrl\":\"https:\/\/ewb.lu\/wp-content\/uploads\/2023\/07\/Ab-in-die-Natur-Gross.jpeg\",\"articleSection\":[\"Unkategorisiert\"],\"inLanguage\":\"fr-FR\"},{\"@type\":\"WebPage\",\"@id\":\"https:\/\/ewb.lu\/fr\/neue-eventreihe-ab-in-die-natur\/\",\"url\":\"https:\/\/ewb.lu\/fr\/neue-eventreihe-ab-in-die-natur\/\",\"name\":\"Neue Eventreihe: \\\"Ab in die Natur!\\\"\",\"isPartOf\":{\"@id\":\"https:\/\/ewb.lu\/fr\/#website\"},\"primaryImageOfPage\":{\"@id\":\"https:\/\/ewb.lu\/fr\/neue-eventreihe-ab-in-die-natur\/#primaryimage\"},\"image\":{\"@id\":\"https:\/\/ewb.lu\/fr\/neue-eventreihe-ab-in-die-natur\/#primaryimage\"},\"thumbnailUrl\":\"https:\/\/ewb.lu\/wp-content\/uploads\/2023\/07\/Ab-in-die-Natur-Gross.jpeg\",\"datePublished\":\"2023-07-20T11:42:53+00:00\",\"dateModified\":\"2023-07-26T11:39:47+00:00\",\"description\":\"Mit den Enkeln gemeinsame Zeit im Wald verbringen? Die Natur ist ein toller Lernraum f\u00fcr Kinder. Dort gibt es viel zu entdecken.\",\"breadcrumb\":{\"@id\":\"https:\/\/ewb.lu\/fr\/neue-eventreihe-ab-in-die-natur\/#breadcrumb\"},\"inLanguage\":\"fr-FR\",\"potentialAction\":[{\"@type\":\"ReadAction\",\"target\":[\"https:\/\/ewb.lu\/fr\/neue-eventreihe-ab-in-die-natur\/\"]}]},{\"@type\":\"ImageObject\",\"inLanguage\":\"fr-FR\",\"@id\":\"https:\/\/ewb.lu\/fr\/neue-eventreihe-ab-in-die-natur\/#primaryimage\",\"url\":\"https:\/\/ewb.lu\/wp-content\/uploads\/2023\/07\/Ab-in-die-Natur-Gross.jpeg\",\"contentUrl\":\"https:\/\/ewb.lu\/wp-content\/uploads\/2023\/07\/Ab-in-die-Natur-Gross.jpeg\",\"width\":905,\"height\":1280},{\"@type\":\"BreadcrumbList\",\"@id\":\"https:\/\/ewb.lu\/fr\/neue-eventreihe-ab-in-die-natur\/#breadcrumb\",\"itemListElement\":[{\"@type\":\"ListItem\",\"position\":1,\"name\":\"Startseite\",\"item\":\"https:\/\/ewb.lu\/fr\/\"},{\"@type\":\"ListItem\",\"position\":2,\"name\":\"Neue Eventreihe: &#8222;Ab in die Natur!&#8220;\"}]},{\"@type\":\"WebSite\",\"@id\":\"https:\/\/ewb.lu\/fr\/#website\",\"url\":\"https:\/\/ewb.lu\/fr\/\",\"name\":\"EwB ErwuesseBildung\",\"description\":\"ErwuesseBildung\",\"publisher\":{\"@id\":\"https:\/\/ewb.lu\/fr\/#organization\"},\"alternateName\":\"EWB\",\"potentialAction\":[{\"@type\":\"SearchAction\",\"target\":{\"@type\":\"EntryPoint\",\"urlTemplate\":\"https:\/\/ewb.lu\/fr\/?s={search_term_string}\"},\"query-input\":{\"@type\":\"PropertyValueSpecification\",\"valueRequired\":true,\"valueName\":\"search_term_string\"}}],\"inLanguage\":\"fr-FR\"},{\"@type\":\"Organization\",\"@id\":\"https:\/\/ewb.lu\/fr\/#organization\",\"name\":\"ErwuesseBildung Asbl\",\"alternateName\":\"EWB\",\"url\":\"https:\/\/ewb.lu\/fr\/\",\"logo\":{\"@type\":\"ImageObject\",\"inLanguage\":\"fr-FR\",\"@id\":\"https:\/\/ewb.lu\/fr\/#\/schema\/logo\/image\/\",\"url\":\"https:\/\/ewb.lu\/wp-content\/uploads\/2022\/11\/ewb-logo-header.svg\",\"contentUrl\":\"https:\/\/ewb.lu\/wp-content\/uploads\/2022\/11\/ewb-logo-header.svg\",\"width\":301,\"height\":38,\"caption\":\"ErwuesseBildung Asbl\"},\"image\":{\"@id\":\"https:\/\/ewb.lu\/fr\/#\/schema\/logo\/image\/\"},\"sameAs\":[\"https:\/\/www.facebook.com\/ErwuesseBild\/\",\"https:\/\/lu.linkedin.com\/company\/erwuessebildung---formation-dadultes\",\"https:\/\/www.instagram.com\/erwuessebildung_asbl\/\"]},{\"@type\":\"Person\",\"@id\":\"https:\/\/ewb.lu\/fr\/#\/schema\/person\/864ab24526964163d0759e2cd4dd0cc7\",\"name\":\"Liz\",\"image\":{\"@type\":\"ImageObject\",\"inLanguage\":\"fr-FR\",\"@id\":\"https:\/\/ewb.lu\/fr\/#\/schema\/person\/image\/\",\"url\":\"https:\/\/secure.gravatar.com\/avatar\/f22f977b836e02be8b80eb1c04ec22af7ea5b62d636682bc4c3197a817b4c066?s=96&d=mm&r=g\",\"contentUrl\":\"https:\/\/secure.gravatar.com\/avatar\/f22f977b836e02be8b80eb1c04ec22af7ea5b62d636682bc4c3197a817b4c066?s=96&d=mm&r=g\",\"caption\":\"Liz\"},\"url\":\"https:\/\/ewb.lu\/fr\/author\/liz\/\"}]}<\/script>\n<!-- \/ Yoast SEO plugin. -->","yoast_head_json":{"title":"Neue Eventreihe: \"Ab in die Natur!\"","description":"Mit den Enkeln gemeinsame Zeit im Wald verbringen? Die Natur ist ein toller Lernraum f\u00fcr Kinder. Dort gibt es viel zu entdecken.","robots":{"index":"index","follow":"follow","max-snippet":"max-snippet:-1","max-image-preview":"max-image-preview:large","max-video-preview":"max-video-preview:-1"},"canonical":"https:\/\/ewb.lu\/fr\/neue-eventreihe-ab-in-die-natur\/","og_locale":"fr_FR","og_type":"article","og_title":"Neue Eventreihe: \"Ab in die Natur!\"","og_description":"Mit den Enkeln gemeinsame Zeit im Wald verbringen? Die Natur ist ein toller Lernraum f\u00fcr Kinder.","og_url":"https:\/\/ewb.lu\/fr\/neue-eventreihe-ab-in-die-natur\/","og_site_name":"EWB","article_publisher":"https:\/\/www.facebook.com\/ErwuesseBild\/","article_published_time":"2023-07-20T11:42:53+00:00","article_modified_time":"2023-07-26T11:39:47+00:00","og_image":[{"width":1414,"height":2000,"url":"https:\/\/ewb.lu\/wp-content\/uploads\/2023\/07\/Ab-in-die-Natur.jpg","type":"image\/jpeg"}],"author":"Liz","twitter_card":"summary_large_image","twitter_misc":{"\u00c9crit par":"Liz","Dur\u00e9e de lecture estim\u00e9e":"1 minute"},"schema":{"@context":"https:\/\/schema.org","@graph":[{"@type":"Article","@id":"https:\/\/ewb.lu\/fr\/neue-eventreihe-ab-in-die-natur\/#article","isPartOf":{"@id":"https:\/\/ewb.lu\/fr\/neue-eventreihe-ab-in-die-natur\/"},"author":{"name":"Liz","@id":"https:\/\/ewb.lu\/fr\/#\/schema\/person\/864ab24526964163d0759e2cd4dd0cc7"},"headline":"Neue Eventreihe: \u00ab\u00a0Ab in die Natur!\u00a0\u00bb","datePublished":"2023-07-20T11:42:53+00:00","dateModified":"2023-07-26T11:39:47+00:00","mainEntityOfPage":{"@id":"https:\/\/ewb.lu\/fr\/neue-eventreihe-ab-in-die-natur\/"},"wordCount":215,"publisher":{"@id":"https:\/\/ewb.lu\/fr\/#organization"},"image":{"@id":"https:\/\/ewb.lu\/fr\/neue-eventreihe-ab-in-die-natur\/#primaryimage"},"thumbnailUrl":"https:\/\/ewb.lu\/wp-content\/uploads\/2023\/07\/Ab-in-die-Natur-Gross.jpeg","articleSection":["Unkategorisiert"],"inLanguage":"fr-FR"},{"@type":"WebPage","@id":"https:\/\/ewb.lu\/fr\/neue-eventreihe-ab-in-die-natur\/","url":"https:\/\/ewb.lu\/fr\/neue-eventreihe-ab-in-die-natur\/","name":"Neue Eventreihe: \"Ab in die Natur!\"","isPartOf":{"@id":"https:\/\/ewb.lu\/fr\/#website"},"primaryImageOfPage":{"@id":"https:\/\/ewb.lu\/fr\/neue-eventreihe-ab-in-die-natur\/#primaryimage"},"image":{"@id":"https:\/\/ewb.lu\/fr\/neue-eventreihe-ab-in-die-natur\/#primaryimage"},"thumbnailUrl":"https:\/\/ewb.lu\/wp-content\/uploads\/2023\/07\/Ab-in-die-Natur-Gross.jpeg","datePublished":"2023-07-20T11:42:53+00:00","dateModified":"2023-07-26T11:39:47+00:00","description":"Mit den Enkeln gemeinsame Zeit im Wald verbringen? Die Natur ist ein toller Lernraum f\u00fcr Kinder. Dort gibt es viel zu entdecken.","breadcrumb":{"@id":"https:\/\/ewb.lu\/fr\/neue-eventreihe-ab-in-die-natur\/#breadcrumb"},"inLanguage":"fr-FR","potentialAction":[{"@type":"ReadAction","target":["https:\/\/ewb.lu\/fr\/neue-eventreihe-ab-in-die-natur\/"]}]},{"@type":"ImageObject","inLanguage":"fr-FR","@id":"https:\/\/ewb.lu\/fr\/neue-eventreihe-ab-in-die-natur\/#primaryimage","url":"https:\/\/ewb.lu\/wp-content\/uploads\/2023\/07\/Ab-in-die-Natur-Gross.jpeg","contentUrl":"https:\/\/ewb.lu\/wp-content\/uploads\/2023\/07\/Ab-in-die-Natur-Gross.jpeg","width":905,"height":1280},{"@type":"BreadcrumbList","@id":"https:\/\/ewb.lu\/fr\/neue-eventreihe-ab-in-die-natur\/#breadcrumb","itemListElement":[{"@type":"ListItem","position":1,"name":"Startseite","item":"https:\/\/ewb.lu\/fr\/"},{"@type":"ListItem","position":2,"name":"Neue Eventreihe: &#8222;Ab in die Natur!&#8220;"}]},{"@type":"WebSite","@id":"https:\/\/ewb.lu\/fr\/#website","url":"https:\/\/ewb.lu\/fr\/","name":"EwB ErwuesseBildung","description":"ErwuesseBildung","publisher":{"@id":"https:\/\/ewb.lu\/fr\/#organization"},"alternateName":"EWB","potentialAction":[{"@type":"SearchAction","target":{"@type":"EntryPoint","urlTemplate":"https:\/\/ewb.lu\/fr\/?s={search_term_string}"},"query-input":{"@type":"PropertyValueSpecification","valueRequired":true,"valueName":"search_term_string"}}],"inLanguage":"fr-FR"},{"@type":"Organization","@id":"https:\/\/ewb.lu\/fr\/#organization","name":"ErwuesseBildung Asbl","alternateName":"EWB","url":"https:\/\/ewb.lu\/fr\/","logo":{"@type":"ImageObject","inLanguage":"fr-FR","@id":"https:\/\/ewb.lu\/fr\/#\/schema\/logo\/image\/","url":"https:\/\/ewb.lu\/wp-content\/uploads\/2022\/11\/ewb-logo-header.svg","contentUrl":"https:\/\/ewb.lu\/wp-content\/uploads\/2022\/11\/ewb-logo-header.svg","width":301,"height":38,"caption":"ErwuesseBildung Asbl"},"image":{"@id":"https:\/\/ewb.lu\/fr\/#\/schema\/logo\/image\/"},"sameAs":["https:\/\/www.facebook.com\/ErwuesseBild\/","https:\/\/lu.linkedin.com\/company\/erwuessebildung---formation-dadultes","https:\/\/www.instagram.com\/erwuessebildung_asbl\/"]},{"@type":"Person","@id":"https:\/\/ewb.lu\/fr\/#\/schema\/person\/864ab24526964163d0759e2cd4dd0cc7","name":"Liz","image":{"@type":"ImageObject","inLanguage":"fr-FR","@id":"https:\/\/ewb.lu\/fr\/#\/schema\/person\/image\/","url":"https:\/\/secure.gravatar.com\/avatar\/f22f977b836e02be8b80eb1c04ec22af7ea5b62d636682bc4c3197a817b4c066?s=96&d=mm&r=g","contentUrl":"https:\/\/secure.gravatar.com\/avatar\/f22f977b836e02be8b80eb1c04ec22af7ea5b62d636682bc4c3197a817b4c066?s=96&d=mm&r=g","caption":"Liz"},"url":"https:\/\/ewb.lu\/fr\/author\/liz\/"}]}},"_links":{"self":[{"href":"https:\/\/ewb.lu\/fr\/wp-json\/wp\/v2\/posts\/5863","targetHints":{"allow":["GET"]}}],"collection":[{"href":"https:\/\/ewb.lu\/fr\/wp-json\/wp\/v2\/posts"}],"about":[{"href":"https:\/\/ewb.lu\/fr\/wp-json\/wp\/v2\/types\/post"}],"author":[{"embeddable":true,"href":"https:\/\/ewb.lu\/fr\/wp-json\/wp\/v2\/users\/11"}],"replies":[{"embeddable":true,"href":"https:\/\/ewb.lu\/fr\/wp-json\/wp\/v2\/comments?post=5863"}],"version-history":[{"count":9,"href":"https:\/\/ewb.lu\/fr\/wp-json\/wp\/v2\/posts\/5863\/revisions"}],"predecessor-version":[{"id":6031,"href":"https:\/\/ewb.lu\/fr\/wp-json\/wp\/v2\/posts\/5863\/revisions\/6031"}],"wp:featuredmedia":[{"embeddable":true,"href":"https:\/\/ewb.lu\/fr\/wp-json\/wp\/v2\/media\/5868"}],"wp:attachment":[{"href":"https:\/\/ewb.lu\/fr\/wp-json\/wp\/v2\/media?parent=5863"}],"wp:term":[{"taxonomy":"category","embeddable":true,"href":"https:\/\/ewb.lu\/fr\/wp-json\/wp\/v2\/categories?post=5863"},{"taxonomy":"post_tag","embeddable":true,"href":"https:\/\/ewb.lu\/fr\/wp-json\/wp\/v2\/tags?post=5863"},{"taxonomy":"program","embeddable":true,"href":"https:\/\/ewb.lu\/fr\/wp-json\/wp\/v2\/program?post=5863"}],"curies":[{"name":"wp","href":"https:\/\/api.w.org\/{rel}","templated":true}]}}