{"id":7373,"date":"2023-11-29T15:00:42","date_gmt":"2023-11-29T14:00:42","guid":{"rendered":"https:\/\/ewb.lu\/?p=7373"},"modified":"2024-06-26T14:28:50","modified_gmt":"2024-06-26T13:28:50","slug":"ein-gelungener-vortrag-zum-thema-was-ist-glauben","status":"publish","type":"post","link":"https:\/\/ewb.lu\/fr\/ein-gelungener-vortrag-zum-thema-was-ist-glauben\/","title":{"rendered":"Ein gelungener Vortrag zum Thema \u00ab\u00a0Was ist Glauben?\u00a0\u00bb"},"content":{"rendered":"<p style=\"font-weight: 400;\">Bei der von <a href=\"https:\/\/respect.lu\"><em>respect.lu<\/em><\/a> organisierten<strong> Fachtagung zum Thema Gott und Radikalisierung<\/strong> stellte unsere Programmkoordinatorin den Impulsvortrag. Philosophisch wurde der Frage \u00abWas ist Glauben?\u00bb auf den Grund gegangen. F\u00fcr <strong>Nora Schleich<\/strong> war zentral, dass Glauben in allen allt\u00e4glichen Momenten zugegen ist, in denen wir meinen zu wissen, in denen wir uns orientieren und in denen wir bewusst oder unbewusst einen Bezug zum \u00abIch\u00bb in der Welt und der Welt als Umfeld herstellen. <strong>W\u00fcrden wir nicht daran glauben, dass wir morgen noch lebten, was h\u00e4tte unser Dasein f\u00fcr einen Sinn? W\u00fcrden wir dann Kinder bekommen und sie erziehen? W\u00fcrden wir uns dann f\u00fcr das \u00abgute\u00bb Leben interessieren?<\/strong> Welche Bedeutung h\u00e4tten Gedanken zu Humanit\u00e4t und Menschenw\u00fcrde, wenn wir nicht an diese Konzepte glaubten? Wie w\u00e4re Fortschritt in der Wissenschaft m\u00f6glich, w\u00fcrden wir nicht Paradigmen annehmen, auf denen wir unser Wissenskonsens gr\u00fcndeten? <strong>\u00abGlauben\u00bb hat als kognitive Haltung demnach viel mehr zu bieten, als wir allgemein annehmen.<\/strong><\/p>\n<p style=\"font-weight: 400;\"><strong>Doch auszuhalten, dass man eigentlich immer nur glaubt und nicht wei\u00df, dass jede noch so spezifische Zahl uns weder Kontrolle noch Sicherheit \u00fcber das Mysterium Leben erm\u00f6glicht, das ist nicht so einfach und l\u00e4sst Raum f\u00fcr Verzweiflung und Angst.<\/strong> Wenn Weltbilder zerbr\u00f6seln entsteht schnell erst mal ein Vakuum, das anf\u00e4llig ist f\u00fcr rei\u00dferische Narrative und Ideologien. Sehr gef\u00e4hrlich also, wenn man diese propagierten \u00abWahrheiten\u00bb nicht als substanzlos und blo\u00dfe Konstrukte enttarnen kann.<\/p>\n<p style=\"font-weight: 400;\"><strong>Wenn aber kein Halt mehr gegeben ist \u2013 was dann?<\/strong> Es ist der Mut, sich f\u00fcr das Glauben zu entschlie\u00dfen, das den Menschen ausmacht, meinte der Philosoph Kierkegaard. Wenn wir authentisch dazu stehen, dass wir nun mal blo\u00df glauben k\u00f6nnen, f\u00fcr \u00abwahr\u00bb halten und uns daran orientieren, dann erlangen wir ein St\u00fcck Freiheit. <strong>Es ist uns frei, an was wir glauben wollen, zu was wir uns entschlie\u00dfen, wie wir unser Leben ausrichten \u2013 was f\u00fcr eine unglaubliche Kraft des Menschen!<\/strong><\/p>\n<p style=\"font-weight: 400;\">Mit diesen Gedanken zum Thema Glauben, Wissen und Orientierung wurden die Teilnehmer der Tagung zu einem fr\u00fchmorgendlichen Gedankenspagat eingeladen. <strong>Das positive Feedback hat erneut gezeigt: Mut zur Reflexion und Lust an Komplexit\u00e4t ist vorhanden, und will gef\u00f6rdert werden!<\/strong><\/p>\n","protected":false},"excerpt":{"rendered":"<p>Zur Er\u00f6ffnung der Fachtagung von respect.lu<\/p>\n","protected":false},"author":11,"featured_media":7375,"comment_status":"closed","ping_status":"closed","sticky":false,"template":"","format":"standard","meta":{"_acf_changed":false,"inline_featured_image":false,"footnotes":""},"categories":[1],"tags":[],"program":[82,39],"class_list":["post-7373","post","type-post","status-publish","format-standard","has-post-thumbnail","hentry","category-unkategorisiert","program-interreligioes","program-religioeses-erbe"],"acf":[],"yoast_head":"<!-- This site is optimized with the Yoast SEO plugin v27.1.1 - https:\/\/yoast.com\/product\/yoast-seo-wordpress\/ -->\n<title>Ein gelungener Vortrag zum Thema &quot;Was ist Glauben?&quot; - EWB<\/title>\n<meta name=\"robots\" content=\"index, follow, max-snippet:-1, max-image-preview:large, max-video-preview:-1\" \/>\n<link rel=\"canonical\" href=\"https:\/\/ewb.lu\/fr\/ein-gelungener-vortrag-zum-thema-was-ist-glauben\/\" \/>\n<meta property=\"og:locale\" content=\"fr_FR\" \/>\n<meta property=\"og:type\" content=\"article\" \/>\n<meta property=\"og:title\" content=\"Ein gelungener Vortrag zum Thema &quot;Was ist Glauben?&quot; - EWB\" \/>\n<meta property=\"og:description\" content=\"Zur Er\u00f6ffnung der Fachtagung von respect.lu\" \/>\n<meta property=\"og:url\" content=\"https:\/\/ewb.lu\/fr\/ein-gelungener-vortrag-zum-thema-was-ist-glauben\/\" \/>\n<meta property=\"og:site_name\" content=\"EWB\" \/>\n<meta property=\"article:publisher\" content=\"https:\/\/www.facebook.com\/ErwuesseBild\/\" \/>\n<meta property=\"article:published_time\" content=\"2023-11-29T14:00:42+00:00\" \/>\n<meta property=\"article:modified_time\" content=\"2024-06-26T13:28:50+00:00\" \/>\n<meta property=\"og:image\" content=\"https:\/\/ewb.lu\/wp-content\/uploads\/2023\/11\/400849519_714818387347871_8040096814225296451_n.jpg\" \/>\n\t<meta property=\"og:image:width\" content=\"2025\" \/>\n\t<meta property=\"og:image:height\" content=\"2025\" \/>\n\t<meta property=\"og:image:type\" content=\"image\/jpeg\" \/>\n<meta name=\"author\" content=\"Liz\" \/>\n<meta name=\"twitter:card\" content=\"summary_large_image\" \/>\n<meta name=\"twitter:label1\" content=\"\u00c9crit par\" \/>\n\t<meta name=\"twitter:data1\" content=\"Liz\" \/>\n\t<meta name=\"twitter:label2\" content=\"Dur\u00e9e de lecture estim\u00e9e\" \/>\n\t<meta name=\"twitter:data2\" content=\"2 minutes\" \/>\n<script type=\"application\/ld+json\" class=\"yoast-schema-graph\">{\"@context\":\"https:\/\/schema.org\",\"@graph\":[{\"@type\":\"Article\",\"@id\":\"https:\/\/ewb.lu\/fr\/ein-gelungener-vortrag-zum-thema-was-ist-glauben\/#article\",\"isPartOf\":{\"@id\":\"https:\/\/ewb.lu\/fr\/ein-gelungener-vortrag-zum-thema-was-ist-glauben\/\"},\"author\":{\"name\":\"Liz\",\"@id\":\"https:\/\/ewb.lu\/fr\/#\/schema\/person\/864ab24526964163d0759e2cd4dd0cc7\"},\"headline\":\"Ein gelungener Vortrag zum Thema \u00ab\u00a0Was ist Glauben?\u00a0\u00bb\",\"datePublished\":\"2023-11-29T14:00:42+00:00\",\"dateModified\":\"2024-06-26T13:28:50+00:00\",\"mainEntityOfPage\":{\"@id\":\"https:\/\/ewb.lu\/fr\/ein-gelungener-vortrag-zum-thema-was-ist-glauben\/\"},\"wordCount\":383,\"publisher\":{\"@id\":\"https:\/\/ewb.lu\/fr\/#organization\"},\"image\":{\"@id\":\"https:\/\/ewb.lu\/fr\/ein-gelungener-vortrag-zum-thema-was-ist-glauben\/#primaryimage\"},\"thumbnailUrl\":\"https:\/\/ewb.lu\/wp-content\/uploads\/2023\/11\/400849519_714818387347871_8040096814225296451_n.jpg\",\"articleSection\":[\"Unkategorisiert\"],\"inLanguage\":\"fr-FR\"},{\"@type\":\"WebPage\",\"@id\":\"https:\/\/ewb.lu\/fr\/ein-gelungener-vortrag-zum-thema-was-ist-glauben\/\",\"url\":\"https:\/\/ewb.lu\/fr\/ein-gelungener-vortrag-zum-thema-was-ist-glauben\/\",\"name\":\"Ein gelungener Vortrag zum Thema \\\"Was ist Glauben?\\\" - EWB\",\"isPartOf\":{\"@id\":\"https:\/\/ewb.lu\/fr\/#website\"},\"primaryImageOfPage\":{\"@id\":\"https:\/\/ewb.lu\/fr\/ein-gelungener-vortrag-zum-thema-was-ist-glauben\/#primaryimage\"},\"image\":{\"@id\":\"https:\/\/ewb.lu\/fr\/ein-gelungener-vortrag-zum-thema-was-ist-glauben\/#primaryimage\"},\"thumbnailUrl\":\"https:\/\/ewb.lu\/wp-content\/uploads\/2023\/11\/400849519_714818387347871_8040096814225296451_n.jpg\",\"datePublished\":\"2023-11-29T14:00:42+00:00\",\"dateModified\":\"2024-06-26T13:28:50+00:00\",\"breadcrumb\":{\"@id\":\"https:\/\/ewb.lu\/fr\/ein-gelungener-vortrag-zum-thema-was-ist-glauben\/#breadcrumb\"},\"inLanguage\":\"fr-FR\",\"potentialAction\":[{\"@type\":\"ReadAction\",\"target\":[\"https:\/\/ewb.lu\/fr\/ein-gelungener-vortrag-zum-thema-was-ist-glauben\/\"]}]},{\"@type\":\"ImageObject\",\"inLanguage\":\"fr-FR\",\"@id\":\"https:\/\/ewb.lu\/fr\/ein-gelungener-vortrag-zum-thema-was-ist-glauben\/#primaryimage\",\"url\":\"https:\/\/ewb.lu\/wp-content\/uploads\/2023\/11\/400849519_714818387347871_8040096814225296451_n.jpg\",\"contentUrl\":\"https:\/\/ewb.lu\/wp-content\/uploads\/2023\/11\/400849519_714818387347871_8040096814225296451_n.jpg\",\"width\":2025,\"height\":2025},{\"@type\":\"BreadcrumbList\",\"@id\":\"https:\/\/ewb.lu\/fr\/ein-gelungener-vortrag-zum-thema-was-ist-glauben\/#breadcrumb\",\"itemListElement\":[{\"@type\":\"ListItem\",\"position\":1,\"name\":\"Startseite\",\"item\":\"https:\/\/ewb.lu\/fr\/\"},{\"@type\":\"ListItem\",\"position\":2,\"name\":\"Ein gelungener Vortrag zum Thema &#8222;Was ist Glauben?&#8220;\"}]},{\"@type\":\"WebSite\",\"@id\":\"https:\/\/ewb.lu\/fr\/#website\",\"url\":\"https:\/\/ewb.lu\/fr\/\",\"name\":\"EwB ErwuesseBildung\",\"description\":\"ErwuesseBildung\",\"publisher\":{\"@id\":\"https:\/\/ewb.lu\/fr\/#organization\"},\"alternateName\":\"EWB\",\"potentialAction\":[{\"@type\":\"SearchAction\",\"target\":{\"@type\":\"EntryPoint\",\"urlTemplate\":\"https:\/\/ewb.lu\/fr\/?s={search_term_string}\"},\"query-input\":{\"@type\":\"PropertyValueSpecification\",\"valueRequired\":true,\"valueName\":\"search_term_string\"}}],\"inLanguage\":\"fr-FR\"},{\"@type\":\"Organization\",\"@id\":\"https:\/\/ewb.lu\/fr\/#organization\",\"name\":\"ErwuesseBildung Asbl\",\"alternateName\":\"EWB\",\"url\":\"https:\/\/ewb.lu\/fr\/\",\"logo\":{\"@type\":\"ImageObject\",\"inLanguage\":\"fr-FR\",\"@id\":\"https:\/\/ewb.lu\/fr\/#\/schema\/logo\/image\/\",\"url\":\"https:\/\/ewb.lu\/wp-content\/uploads\/2022\/11\/ewb-logo-header.svg\",\"contentUrl\":\"https:\/\/ewb.lu\/wp-content\/uploads\/2022\/11\/ewb-logo-header.svg\",\"width\":301,\"height\":38,\"caption\":\"ErwuesseBildung Asbl\"},\"image\":{\"@id\":\"https:\/\/ewb.lu\/fr\/#\/schema\/logo\/image\/\"},\"sameAs\":[\"https:\/\/www.facebook.com\/ErwuesseBild\/\",\"https:\/\/lu.linkedin.com\/company\/erwuessebildung---formation-dadultes\",\"https:\/\/www.instagram.com\/erwuessebildung_asbl\/\"]},{\"@type\":\"Person\",\"@id\":\"https:\/\/ewb.lu\/fr\/#\/schema\/person\/864ab24526964163d0759e2cd4dd0cc7\",\"name\":\"Liz\",\"image\":{\"@type\":\"ImageObject\",\"inLanguage\":\"fr-FR\",\"@id\":\"https:\/\/ewb.lu\/fr\/#\/schema\/person\/image\/\",\"url\":\"https:\/\/secure.gravatar.com\/avatar\/f22f977b836e02be8b80eb1c04ec22af7ea5b62d636682bc4c3197a817b4c066?s=96&d=mm&r=g\",\"contentUrl\":\"https:\/\/secure.gravatar.com\/avatar\/f22f977b836e02be8b80eb1c04ec22af7ea5b62d636682bc4c3197a817b4c066?s=96&d=mm&r=g\",\"caption\":\"Liz\"},\"url\":\"https:\/\/ewb.lu\/fr\/author\/liz\/\"}]}<\/script>\n<!-- \/ Yoast SEO plugin. -->","yoast_head_json":{"title":"Ein gelungener Vortrag zum Thema \"Was ist Glauben?\" - EWB","robots":{"index":"index","follow":"follow","max-snippet":"max-snippet:-1","max-image-preview":"max-image-preview:large","max-video-preview":"max-video-preview:-1"},"canonical":"https:\/\/ewb.lu\/fr\/ein-gelungener-vortrag-zum-thema-was-ist-glauben\/","og_locale":"fr_FR","og_type":"article","og_title":"Ein gelungener Vortrag zum Thema \"Was ist Glauben?\" - EWB","og_description":"Zur Er\u00f6ffnung der Fachtagung von respect.lu","og_url":"https:\/\/ewb.lu\/fr\/ein-gelungener-vortrag-zum-thema-was-ist-glauben\/","og_site_name":"EWB","article_publisher":"https:\/\/www.facebook.com\/ErwuesseBild\/","article_published_time":"2023-11-29T14:00:42+00:00","article_modified_time":"2024-06-26T13:28:50+00:00","og_image":[{"width":2025,"height":2025,"url":"https:\/\/ewb.lu\/wp-content\/uploads\/2023\/11\/400849519_714818387347871_8040096814225296451_n.jpg","type":"image\/jpeg"}],"author":"Liz","twitter_card":"summary_large_image","twitter_misc":{"\u00c9crit par":"Liz","Dur\u00e9e de lecture estim\u00e9e":"2 minutes"},"schema":{"@context":"https:\/\/schema.org","@graph":[{"@type":"Article","@id":"https:\/\/ewb.lu\/fr\/ein-gelungener-vortrag-zum-thema-was-ist-glauben\/#article","isPartOf":{"@id":"https:\/\/ewb.lu\/fr\/ein-gelungener-vortrag-zum-thema-was-ist-glauben\/"},"author":{"name":"Liz","@id":"https:\/\/ewb.lu\/fr\/#\/schema\/person\/864ab24526964163d0759e2cd4dd0cc7"},"headline":"Ein gelungener Vortrag zum Thema \u00ab\u00a0Was ist Glauben?\u00a0\u00bb","datePublished":"2023-11-29T14:00:42+00:00","dateModified":"2024-06-26T13:28:50+00:00","mainEntityOfPage":{"@id":"https:\/\/ewb.lu\/fr\/ein-gelungener-vortrag-zum-thema-was-ist-glauben\/"},"wordCount":383,"publisher":{"@id":"https:\/\/ewb.lu\/fr\/#organization"},"image":{"@id":"https:\/\/ewb.lu\/fr\/ein-gelungener-vortrag-zum-thema-was-ist-glauben\/#primaryimage"},"thumbnailUrl":"https:\/\/ewb.lu\/wp-content\/uploads\/2023\/11\/400849519_714818387347871_8040096814225296451_n.jpg","articleSection":["Unkategorisiert"],"inLanguage":"fr-FR"},{"@type":"WebPage","@id":"https:\/\/ewb.lu\/fr\/ein-gelungener-vortrag-zum-thema-was-ist-glauben\/","url":"https:\/\/ewb.lu\/fr\/ein-gelungener-vortrag-zum-thema-was-ist-glauben\/","name":"Ein gelungener Vortrag zum Thema \"Was ist Glauben?\" - EWB","isPartOf":{"@id":"https:\/\/ewb.lu\/fr\/#website"},"primaryImageOfPage":{"@id":"https:\/\/ewb.lu\/fr\/ein-gelungener-vortrag-zum-thema-was-ist-glauben\/#primaryimage"},"image":{"@id":"https:\/\/ewb.lu\/fr\/ein-gelungener-vortrag-zum-thema-was-ist-glauben\/#primaryimage"},"thumbnailUrl":"https:\/\/ewb.lu\/wp-content\/uploads\/2023\/11\/400849519_714818387347871_8040096814225296451_n.jpg","datePublished":"2023-11-29T14:00:42+00:00","dateModified":"2024-06-26T13:28:50+00:00","breadcrumb":{"@id":"https:\/\/ewb.lu\/fr\/ein-gelungener-vortrag-zum-thema-was-ist-glauben\/#breadcrumb"},"inLanguage":"fr-FR","potentialAction":[{"@type":"ReadAction","target":["https:\/\/ewb.lu\/fr\/ein-gelungener-vortrag-zum-thema-was-ist-glauben\/"]}]},{"@type":"ImageObject","inLanguage":"fr-FR","@id":"https:\/\/ewb.lu\/fr\/ein-gelungener-vortrag-zum-thema-was-ist-glauben\/#primaryimage","url":"https:\/\/ewb.lu\/wp-content\/uploads\/2023\/11\/400849519_714818387347871_8040096814225296451_n.jpg","contentUrl":"https:\/\/ewb.lu\/wp-content\/uploads\/2023\/11\/400849519_714818387347871_8040096814225296451_n.jpg","width":2025,"height":2025},{"@type":"BreadcrumbList","@id":"https:\/\/ewb.lu\/fr\/ein-gelungener-vortrag-zum-thema-was-ist-glauben\/#breadcrumb","itemListElement":[{"@type":"ListItem","position":1,"name":"Startseite","item":"https:\/\/ewb.lu\/fr\/"},{"@type":"ListItem","position":2,"name":"Ein gelungener Vortrag zum Thema &#8222;Was ist Glauben?&#8220;"}]},{"@type":"WebSite","@id":"https:\/\/ewb.lu\/fr\/#website","url":"https:\/\/ewb.lu\/fr\/","name":"EwB ErwuesseBildung","description":"ErwuesseBildung","publisher":{"@id":"https:\/\/ewb.lu\/fr\/#organization"},"alternateName":"EWB","potentialAction":[{"@type":"SearchAction","target":{"@type":"EntryPoint","urlTemplate":"https:\/\/ewb.lu\/fr\/?s={search_term_string}"},"query-input":{"@type":"PropertyValueSpecification","valueRequired":true,"valueName":"search_term_string"}}],"inLanguage":"fr-FR"},{"@type":"Organization","@id":"https:\/\/ewb.lu\/fr\/#organization","name":"ErwuesseBildung Asbl","alternateName":"EWB","url":"https:\/\/ewb.lu\/fr\/","logo":{"@type":"ImageObject","inLanguage":"fr-FR","@id":"https:\/\/ewb.lu\/fr\/#\/schema\/logo\/image\/","url":"https:\/\/ewb.lu\/wp-content\/uploads\/2022\/11\/ewb-logo-header.svg","contentUrl":"https:\/\/ewb.lu\/wp-content\/uploads\/2022\/11\/ewb-logo-header.svg","width":301,"height":38,"caption":"ErwuesseBildung Asbl"},"image":{"@id":"https:\/\/ewb.lu\/fr\/#\/schema\/logo\/image\/"},"sameAs":["https:\/\/www.facebook.com\/ErwuesseBild\/","https:\/\/lu.linkedin.com\/company\/erwuessebildung---formation-dadultes","https:\/\/www.instagram.com\/erwuessebildung_asbl\/"]},{"@type":"Person","@id":"https:\/\/ewb.lu\/fr\/#\/schema\/person\/864ab24526964163d0759e2cd4dd0cc7","name":"Liz","image":{"@type":"ImageObject","inLanguage":"fr-FR","@id":"https:\/\/ewb.lu\/fr\/#\/schema\/person\/image\/","url":"https:\/\/secure.gravatar.com\/avatar\/f22f977b836e02be8b80eb1c04ec22af7ea5b62d636682bc4c3197a817b4c066?s=96&d=mm&r=g","contentUrl":"https:\/\/secure.gravatar.com\/avatar\/f22f977b836e02be8b80eb1c04ec22af7ea5b62d636682bc4c3197a817b4c066?s=96&d=mm&r=g","caption":"Liz"},"url":"https:\/\/ewb.lu\/fr\/author\/liz\/"}]}},"_links":{"self":[{"href":"https:\/\/ewb.lu\/fr\/wp-json\/wp\/v2\/posts\/7373","targetHints":{"allow":["GET"]}}],"collection":[{"href":"https:\/\/ewb.lu\/fr\/wp-json\/wp\/v2\/posts"}],"about":[{"href":"https:\/\/ewb.lu\/fr\/wp-json\/wp\/v2\/types\/post"}],"author":[{"embeddable":true,"href":"https:\/\/ewb.lu\/fr\/wp-json\/wp\/v2\/users\/11"}],"replies":[{"embeddable":true,"href":"https:\/\/ewb.lu\/fr\/wp-json\/wp\/v2\/comments?post=7373"}],"version-history":[{"count":2,"href":"https:\/\/ewb.lu\/fr\/wp-json\/wp\/v2\/posts\/7373\/revisions"}],"predecessor-version":[{"id":7384,"href":"https:\/\/ewb.lu\/fr\/wp-json\/wp\/v2\/posts\/7373\/revisions\/7384"}],"wp:featuredmedia":[{"embeddable":true,"href":"https:\/\/ewb.lu\/fr\/wp-json\/wp\/v2\/media\/7375"}],"wp:attachment":[{"href":"https:\/\/ewb.lu\/fr\/wp-json\/wp\/v2\/media?parent=7373"}],"wp:term":[{"taxonomy":"category","embeddable":true,"href":"https:\/\/ewb.lu\/fr\/wp-json\/wp\/v2\/categories?post=7373"},{"taxonomy":"post_tag","embeddable":true,"href":"https:\/\/ewb.lu\/fr\/wp-json\/wp\/v2\/tags?post=7373"},{"taxonomy":"program","embeddable":true,"href":"https:\/\/ewb.lu\/fr\/wp-json\/wp\/v2\/program?post=7373"}],"curies":[{"name":"wp","href":"https:\/\/api.w.org\/{rel}","templated":true}]}}